{"id":4455,"date":"2025-06-16T12:32:04","date_gmt":"2025-06-16T10:32:04","guid":{"rendered":"https:\/\/www.webmium.cz\/blog\/?p=4455"},"modified":"2025-06-16T12:32:05","modified_gmt":"2025-06-16T10:32:05","slug":"senat-schvalil-cesky-zakon-o-kyberneticke-bezpecnosti-podle-nis2","status":"publish","type":"post","link":"https:\/\/www.webmium.cz\/blog\/senat-schvalil-cesky-zakon-o-kyberneticke-bezpecnosti-podle-nis2\/","title":{"rendered":"Sen\u00e1t schv\u00e1lil \u010desk\u00fd z\u00e1kon o kybernetick\u00e9 bezpe\u010dnosti podle NIS2"},"content":{"rendered":"\n<h2 class=\"wp-block-heading\"><strong>\u2705 Co se stalo?<\/strong><\/h2>\n\n\n\n<p>Sen\u00e1t ve st\u0159edu jednomysln\u011b schv\u00e1lil n\u00e1vrh z\u00e1kona o kybernetick\u00e9 bezpe\u010dnosti, kter\u00fd p\u0159en\u00e1\u0161\u00ed pravidla sm\u011brnice NIS2 do \u010desk\u00e9ho pr\u00e1va. Podpo\u0159ilo jej 66 ze 75 p\u0159\u00edtomn\u00fdch sen\u00e1tor\u016f, v\u010detn\u011b v\u0161ech t\u0159\u00ed v\u00fdbor\u016f. Nyn\u00ed m\u00ed\u0159\u00ed k podpisu prezidenta, a pokud prezident nevyu\u017eije sv\u00e9 pr\u00e1vo veta, z\u00e1kon vstoup\u00ed v \u00fa\u010dinnost od \u0159\u00edjna 2025 \u2013 tzn. od 1. listopadu, po dvoum\u011bs\u00ed\u010dn\u00ed legisvakan\u010dn\u00ed lh\u016ft\u011b.<\/p>\n\n\n\n<h2 class=\"wp-block-heading\"><strong>\ud83d\udccc Kl\u00ed\u010dov\u00e9 zm\u011bny v z\u00e1kon\u011b<\/strong><\/h2>\n\n\n\n<h3 class=\"wp-block-heading\"><strong>\u26a0\ufe0f 1. Vl\u00e1da bude rozhodovat o rizikov\u00fdch dodavatel\u00edch<\/strong><\/h3>\n\n\n\n<p>P\u016fvodn\u00ed n\u00e1vrh sv\u011b\u0159oval tuto pravomoc N\u00daKIBu. Sen\u00e1tem schv\u00e1len\u00e1 verze p\u0159esouv\u00e1 odpov\u011bdnost na vl\u00e1du \u2012 N\u00daKIB m\u00e1 pouze technicky posoudit riziko a p\u0159edat vl\u00e1d\u011b doporu\u010den\u00ed.<\/p>\n\n\n\n<h3 class=\"wp-block-heading\"><strong>\ud83d\udd12 2. T\u00fdk\u00e1 se pouze nejkriti\u010dt\u011bj\u0161\u00ed \u010d\u00e1sti dodavatelsk\u00e9ho \u0159et\u011bzce<\/strong><\/h3>\n\n\n\n<p>Neprojde-li n\u00e1vrh o zm\u011bn\u011b, povinnost prov\u011b\u0159ovat \u0159et\u011bzec se bude vztahovat pouze na subjekty poskytuj\u00edc\u00ed strategicky v\u00fdznamn\u00e9 slu\u017eby ve vysoce kritick\u00fdch segmentech.<\/p>\n\n\n\n<h3 class=\"wp-block-heading\"><strong>\ud83c\udf10 3. Omezen\u00ed technologi\u00ed z rizikov\u00fdch zem\u00ed<\/strong><\/h3>\n\n\n\n<p>Z\u00e1kon zav\u00e1d\u00ed mo\u017enost vypustit technologie, kter\u00e9 mohou p\u0159edstavovat bezpe\u010dnostn\u00ed riziko vzhledem k p\u016fvodu dodavatele, nap\u0159. z \u010c\u00edny nebo Ruska.<\/p>\n\n\n\n<h2 class=\"wp-block-heading\"><strong>\ud83d\uddd3\ufe0f \u010casov\u00fd r\u00e1mec<\/strong><\/h2>\n\n\n\n<ol class=\"wp-block-list\">\n<li><strong>Sen\u00e1t schv\u00e1lil z\u00e1kon:<\/strong> 11. \u010dervna 2025.<br><\/li>\n\n\n\n<li><strong>Podpis prezidenta<\/strong> (pravd\u011bpodobn\u011b \u010dervenec\u2013srpen).<br><\/li>\n\n\n\n<li><strong>Vyhl\u00e1\u0161en\u00ed ve Sb\u00edrce z\u00e1kon\u016f<\/strong> plus dvoum\u011bs\u00ed\u010dn\u00ed legislativn\u00ed vacatio.<br><\/li>\n\n\n\n<li><strong>Vstup v \u00fa\u010dinnost: <\/strong>pravd\u011bpodobn\u011b u\u017e 1. listopadu 2025 \u2013 od tohoto data b\u011b\u017e\u00ed lh\u016fty pro firmy.<br><\/li>\n<\/ol>\n\n\n\n<h2 class=\"wp-block-heading\"><strong>\ud83e\udde9 Pro\u010d to znamen\u00e1 v\u00edc ne\u017e jen form\u00e1ln\u00ed zm\u011bnu<\/strong><\/h2>\n\n\n\n<ul class=\"wp-block-list\">\n<li><strong>Roz\u0161\u00ed\u0159en\u00fd z\u00e1b\u011br<\/strong> \u2013 z\u00e1kon zav\u00e1d\u00ed povinnosti i pro MHD, fotovoltaiky, v\u00fdrobce bateriov\u00fdch \u00falo\u017ei\u0161\u0165 \u010di provozovatele energetick\u00e9 s\u00edt\u011b.<br><\/li>\n\n\n\n<li><strong>Rutinn\u00ed kontroly<\/strong> \u2013 d\u00edky p\u0159enesen\u00e9 pravomoci vl\u00e1dy m\u016f\u017ee doj\u00edt k \u0161ir\u0161\u00edm z\u00e1kaz\u016fm dodavatel\u016f, zejm\u00e9na u kritick\u00e9 infrastruktury.<br><\/li>\n\n\n\n<li><strong>Strategick\u00e1 obrana<\/strong> \u2013 legislativa posiluje odolnost v\u016f\u010di geopolitick\u00fdm hrozb\u00e1m, zabezpe\u010d\u00ed IT i fyzickou infrastrukturu.<br><\/li>\n<\/ul>\n\n\n\n<h2 class=\"wp-block-heading\"><strong>\u2139\ufe0f Co to znamen\u00e1 pro va\u0161i firmu<\/strong><\/h2>\n\n\n\n<figure class=\"wp-block-table\"><table class=\"has-fixed-layout\"><tbody><tr><td><strong>Co te\u010f d\u011blat<\/strong><\/td><td><strong>Pro\u010d<\/strong><\/td><\/tr><tr><td>Za\u010dn\u011bte s inventurou IT\/OT aktiv a proces\u016f<\/td><td>Mus\u00edte v\u011bd\u011bt, na co se zam\u011b\u0159it<\/td><\/tr><tr><td>Prove\u010fte GAP anal\u00fdzu<\/td><td>Identifikujte mezery v\u016f\u010di nov\u00fdm povinnostem<\/td><\/tr><tr><td>P\u0159ipravte roadmapu<\/td><td>Rozd\u011blte \u00fakoly na kr\u00e1tk\u00e9, st\u0159edn\u011bdob\u00e9 a dlouhodob\u00e9<\/td><\/tr><tr><td>Prov\u011b\u0159te dodavatele ve strategick\u00e9m \u0159et\u011bzci<\/td><td>Budouc\u00ed kontrola se na n\u011b m\u016f\u017ee vztahovat<\/td><\/tr><tr><td>Obsa\u010fte povinn\u00e9 bezpe\u010dnostn\u00ed role v r\u00e1mci spole\u010dnosti<\/td><td>Management m\u00e1 nyn\u00ed osobn\u00ed odpov\u011bdnost<\/td><\/tr><\/tbody><\/table><\/figure>\n\n\n\n<h2 class=\"wp-block-heading\"><strong>\ud83e\udded M\u00e1me pro v\u00e1s pomocn\u00edka<\/strong><\/h2>\n\n\n\n<p>S na\u0161\u00ed platformou Kraita Cyber One m\u016f\u017eete:<\/p>\n\n\n\n<ul class=\"wp-block-list\">\n<li>Okam\u017eit\u011b si ov\u011b\u0159it dopad z\u00e1kona na va\u0161i firmu<br><\/li>\n\n\n\n<li>Zpracovat <strong>GAP anal\u00fdzu<\/strong> s prioritn\u00edm seznamem krok\u016f<br><\/li>\n\n\n\n<li>P\u0159ipravit <strong>evidenci aktiv i dodavatel\u016f<\/strong> dle nov\u00fdch po\u017eadavk\u016f<br><\/li>\n\n\n\n<li>Vytvo\u0159it <strong>pl\u00e1ny \u0159\u00edzen\u00ed bezpe\u010dnosti<\/strong> s garantem, term\u00ednem a stavem<br><\/li>\n\n\n\n<li>Udr\u017eet si p\u0159ehled pomoc\u00ed <strong>\u017eiv\u00e9ho \u0159\u00edzen\u00ed kontinuity<\/strong><strong><br><\/strong><\/li>\n<\/ul>\n\n\n\n<h2 class=\"wp-block-heading\"><strong>\u2705 Shrnut\u00ed<\/strong><\/h2>\n\n\n\n<ul class=\"wp-block-list\">\n<li>Nov\u00fd <strong>z\u00e1kon o kybernetick\u00e9 bezpe\u010dnosti<\/strong> dorazil do fin\u00e1le.<br><\/li>\n\n\n\n<li>Roz\u0161i\u0159uje povinnosti na technick\u00e9 dodavatele a kritickou infrastrukturu.<br><\/li>\n\n\n\n<li>Vl\u00e1da z\u00edsk\u00e1v\u00e1 pravomoc zak\u00e1zat rizikov\u00e9 dodavatele.<br><\/li>\n\n\n\n<li>\u00da\u010dinnost patrn\u011b u\u017e od 1.\u202f11.\u202f2025 \u2013 te\u010f je \u010das se na to p\u0159ipravit.<br><\/li>\n<\/ul>\n\n\n\n<p>\ud83d\udc49 Chcete v\u011bd\u011bt, jak se m\u00e1 va\u0161e firma p\u0159ipravit? <a href=\"https:\/\/www.kraita.io\/\">Kontaktujte n\u00e1s na Kraita.io<\/a> a vyzkou\u0161ejte bezplatn\u00e9 demo.<\/p>\n\n\n\n<p class=\"has-small-font-size\"><em>Zdroje: <\/em><a href=\"https:\/\/www.novinky.cz\/clanek\/domaci-senat-stvrdil-nova-pravidla-pro-kybernetickou-bezpecnost-kriticke-infrastruktury-40525292?utm_source=chatgpt.com\"><em>novinky.cz<\/em><\/a><em>,<\/em><a href=\"https:\/\/www.lupa.cz\/aktuality\/kyberbezpecnostni-pravidla-prosla-senatem-regulace-dopadne-na-tisice-novych-subjektu\/?utm_source=chatgpt.com\"><em> lupa.cz<\/em><\/a><em>,<\/em><a href=\"https:\/\/www.lupa.cz\/clanky\/regulace-podle-nis2-senatni-vybory-davaji-kyberzakonu-zelenou\/?utm_source=chatgpt.com\"><em> <\/em><\/a><em>Finmag.cz , Obnovitelne.cz<\/em><\/p>\n\n\n\n<p><\/p>\n","protected":false},"excerpt":{"rendered":"<p>\u010cesko m\u00e1 nov\u00fd z\u00e1kon o kybernetick\u00e9 bezpe\u010dnosti. Sen\u00e1t 11. \u010dervna 2025 schv\u00e1lil legislativu, kter\u00e1 p\u0159en\u00e1\u0161\u00ed sm\u011brnici NIS2 do \u010desk\u00e9ho pr\u00e1va. Z\u00e1kon p\u0159in\u00e1\u0161\u00ed nov\u00e9 povinnosti pro firmy ve strategick\u00fdch sektorech, umo\u017e\u0148uje omezit technologie z rizikov\u00fdch zem\u00ed a p\u0159esouv\u00e1 rozhodov\u00e1n\u00ed o rizikov\u00fdch dodavatel\u00edch na vl\u00e1du. \u00da\u010dinnost se o\u010dek\u00e1v\u00e1 u\u017e od 1. listopadu 2025 \u2013 firmy by m\u011bly za\u010d\u00edt s p\u0159\u00edpravami co nejd\u0159\u00edve.<\/p>\n","protected":false},"author":4,"featured_media":4456,"comment_status":"open","ping_status":"open","sticky":false,"template":"","format":"standard","meta":{"_uag_custom_page_level_css":"","site-sidebar-layout":"default","site-content-layout":"","ast-site-content-layout":"","site-content-style":"default","site-sidebar-style":"default","ast-global-header-display":"","ast-banner-title-visibility":"","ast-main-header-display":"","ast-hfb-above-header-display":"","ast-hfb-below-header-display":"","ast-hfb-mobile-header-display":"","site-post-title":"","ast-breadcrumbs-content":"","ast-featured-img":"","footer-sml-layout":"","theme-transparent-header-meta":"","adv-header-id-meta":"","stick-header-meta":"","header-above-stick-meta":"","header-main-stick-meta":"","header-below-stick-meta":"","astra-migrate-meta-layouts":"default","ast-page-background-enabled":"default","ast-page-background-meta":{"desktop":{"background-color":"var(--ast-global-color-4)","background-image":"","background-repeat":"repeat","background-position":"center center","background-size":"auto","background-attachment":"scroll","background-type":"","background-media":"","overlay-type":"","overlay-color":"","overlay-opacity":"","overlay-gradient":""},"tablet":{"background-color":"","background-image":"","background-repeat":"repeat","background-position":"center center","background-size":"auto","background-attachment":"scroll","background-type":"","background-media":"","overlay-type":"","overlay-color":"","overlay-opacity":"","overlay-gradient":""},"mobile":{"background-color":"","background-image":"","background-repeat":"repeat","background-position":"center center","background-size":"auto","background-attachment":"scroll","background-type":"","background-media":"","overlay-type":"","overlay-color":"","overlay-opacity":"","overlay-gradient":""}},"ast-content-background-meta":{"desktop":{"background-color":"var(--ast-global-color-5)","background-image":"","background-repeat":"repeat","background-position":"center center","background-size":"auto","background-attachment":"scroll","background-type":"","background-media":"","overlay-type":"","overlay-color":"","overlay-opacity":"","overlay-gradient":""},"tablet":{"background-color":"var(--ast-global-color-5)","background-image":"","background-repeat":"repeat","background-position":"center center","background-size":"auto","background-attachment":"scroll","background-type":"","background-media":"","overlay-type":"","overlay-color":"","overlay-opacity":"","overlay-gradient":""},"mobile":{"background-color":"var(--ast-global-color-5)","background-image":"","background-repeat":"repeat","background-position":"center center","background-size":"auto","background-attachment":"scroll","background-type":"","background-media":"","overlay-type":"","overlay-color":"","overlay-opacity":"","overlay-gradient":""}},"footnotes":""},"categories":[9],"tags":[],"class_list":["post-4455","post","type-post","status-publish","format-standard","has-post-thumbnail","hentry","category-uz-to-vite"],"yoast_head":"<!-- This site is optimized with the Yoast SEO plugin v27.5 - https:\/\/yoast.com\/product\/yoast-seo-wordpress\/ -->\n<title>Sen\u00e1t schv\u00e1lil \u010desk\u00fd z\u00e1kon o kybernetick\u00e9 bezpe\u010dnosti podle NIS2 - Blog Webmium.cz<\/title>\n<meta name=\"robots\" content=\"index, follow, max-snippet:-1, max-image-preview:large, max-video-preview:-1\" \/>\n<link rel=\"canonical\" href=\"https:\/\/www.webmium.cz\/blog\/senat-schvalil-cesky-zakon-o-kyberneticke-bezpecnosti-podle-nis2\/\" \/>\n<meta property=\"og:locale\" content=\"cs_CZ\" \/>\n<meta property=\"og:type\" content=\"article\" \/>\n<meta property=\"og:title\" content=\"Sen\u00e1t schv\u00e1lil \u010desk\u00fd z\u00e1kon o kybernetick\u00e9 bezpe\u010dnosti podle NIS2 - Blog Webmium.cz\" \/>\n<meta property=\"og:description\" content=\"\u010cesko m\u00e1 nov\u00fd z\u00e1kon o kybernetick\u00e9 bezpe\u010dnosti. Sen\u00e1t 11. \u010dervna 2025 schv\u00e1lil legislativu, kter\u00e1 p\u0159en\u00e1\u0161\u00ed sm\u011brnici NIS2 do \u010desk\u00e9ho pr\u00e1va. Z\u00e1kon p\u0159in\u00e1\u0161\u00ed nov\u00e9 povinnosti pro firmy ve strategick\u00fdch sektorech, umo\u017e\u0148uje omezit technologie z rizikov\u00fdch zem\u00ed a p\u0159esouv\u00e1 rozhodov\u00e1n\u00ed o rizikov\u00fdch dodavatel\u00edch na vl\u00e1du. \u00da\u010dinnost se o\u010dek\u00e1v\u00e1 u\u017e od 1. listopadu 2025 \u2013 firmy by m\u011bly za\u010d\u00edt s p\u0159\u00edpravami co nejd\u0159\u00edve.\" \/>\n<meta property=\"og:url\" content=\"https:\/\/www.webmium.cz\/blog\/senat-schvalil-cesky-zakon-o-kyberneticke-bezpecnosti-podle-nis2\/\" \/>\n<meta property=\"og:site_name\" content=\"Blog Webmium.cz\" \/>\n<meta property=\"article:published_time\" content=\"2025-06-16T10:32:04+00:00\" \/>\n<meta property=\"article:modified_time\" content=\"2025-06-16T10:32:05+00:00\" \/>\n<meta property=\"og:image\" content=\"https:\/\/www.webmium.cz\/blog\/wp-content\/uploads\/2025\/06\/Sena\u0301t-schva\u0301lil-c\u030cesky\u0301-za\u0301kon-o-kyberneticke\u0301-bezpec\u030cnosti-podle-NIS2-socky-FB.jpg\" \/>\n\t<meta property=\"og:image:width\" content=\"1200\" \/>\n\t<meta property=\"og:image:height\" content=\"630\" \/>\n\t<meta property=\"og:image:type\" content=\"image\/jpeg\" \/>\n<meta name=\"author\" content=\"David Mart\u00ednek\" \/>\n<meta name=\"twitter:card\" content=\"summary_large_image\" \/>\n<meta name=\"twitter:label1\" content=\"Napsal(a)\" \/>\n\t<meta name=\"twitter:data1\" content=\"David Mart\u00ednek\" \/>\n\t<meta name=\"twitter:label2\" content=\"Odhadovan\u00e1 doba \u010dten\u00ed\" \/>\n\t<meta name=\"twitter:data2\" content=\"3 minuty\" \/>\n<script type=\"application\/ld+json\" class=\"yoast-schema-graph\">{\"@context\":\"https:\\\/\\\/schema.org\",\"@graph\":[{\"@type\":\"Article\",\"@id\":\"https:\\\/\\\/www.webmium.cz\\\/blog\\\/senat-schvalil-cesky-zakon-o-kyberneticke-bezpecnosti-podle-nis2\\\/#article\",\"isPartOf\":{\"@id\":\"https:\\\/\\\/www.webmium.cz\\\/blog\\\/senat-schvalil-cesky-zakon-o-kyberneticke-bezpecnosti-podle-nis2\\\/\"},\"author\":{\"name\":\"David Mart\u00ednek\",\"@id\":\"https:\\\/\\\/www.webmium.cz\\\/blog\\\/#\\\/schema\\\/person\\\/f60ebd915ea99eda7dc078cc29b92d92\"},\"headline\":\"Sen\u00e1t schv\u00e1lil \u010desk\u00fd z\u00e1kon o kybernetick\u00e9 bezpe\u010dnosti podle NIS2\",\"datePublished\":\"2025-06-16T10:32:04+00:00\",\"dateModified\":\"2025-06-16T10:32:05+00:00\",\"mainEntityOfPage\":{\"@id\":\"https:\\\/\\\/www.webmium.cz\\\/blog\\\/senat-schvalil-cesky-zakon-o-kyberneticke-bezpecnosti-podle-nis2\\\/\"},\"wordCount\":574,\"commentCount\":0,\"publisher\":{\"@id\":\"https:\\\/\\\/www.webmium.cz\\\/blog\\\/#organization\"},\"image\":{\"@id\":\"https:\\\/\\\/www.webmium.cz\\\/blog\\\/senat-schvalil-cesky-zakon-o-kyberneticke-bezpecnosti-podle-nis2\\\/#primaryimage\"},\"thumbnailUrl\":\"https:\\\/\\\/www.webmium.cz\\\/blog\\\/wp-content\\\/uploads\\\/2025\\\/06\\\/Sena\u0301t-schva\u0301lil-c\u030cesky\u0301-za\u0301kon-o-kyberneticke\u0301-bezpec\u030cnosti-podle-NIS2-blog.jpg\",\"articleSection\":[\"uz-to-vite\"],\"inLanguage\":\"cs\",\"potentialAction\":[{\"@type\":\"CommentAction\",\"name\":\"Comment\",\"target\":[\"https:\\\/\\\/www.webmium.cz\\\/blog\\\/senat-schvalil-cesky-zakon-o-kyberneticke-bezpecnosti-podle-nis2\\\/#respond\"]}]},{\"@type\":\"WebPage\",\"@id\":\"https:\\\/\\\/www.webmium.cz\\\/blog\\\/senat-schvalil-cesky-zakon-o-kyberneticke-bezpecnosti-podle-nis2\\\/\",\"url\":\"https:\\\/\\\/www.webmium.cz\\\/blog\\\/senat-schvalil-cesky-zakon-o-kyberneticke-bezpecnosti-podle-nis2\\\/\",\"name\":\"Sen\u00e1t schv\u00e1lil \u010desk\u00fd z\u00e1kon o kybernetick\u00e9 bezpe\u010dnosti podle NIS2 - Blog Webmium.cz\",\"isPartOf\":{\"@id\":\"https:\\\/\\\/www.webmium.cz\\\/blog\\\/#website\"},\"primaryImageOfPage\":{\"@id\":\"https:\\\/\\\/www.webmium.cz\\\/blog\\\/senat-schvalil-cesky-zakon-o-kyberneticke-bezpecnosti-podle-nis2\\\/#primaryimage\"},\"image\":{\"@id\":\"https:\\\/\\\/www.webmium.cz\\\/blog\\\/senat-schvalil-cesky-zakon-o-kyberneticke-bezpecnosti-podle-nis2\\\/#primaryimage\"},\"thumbnailUrl\":\"https:\\\/\\\/www.webmium.cz\\\/blog\\\/wp-content\\\/uploads\\\/2025\\\/06\\\/Sena\u0301t-schva\u0301lil-c\u030cesky\u0301-za\u0301kon-o-kyberneticke\u0301-bezpec\u030cnosti-podle-NIS2-blog.jpg\",\"datePublished\":\"2025-06-16T10:32:04+00:00\",\"dateModified\":\"2025-06-16T10:32:05+00:00\",\"breadcrumb\":{\"@id\":\"https:\\\/\\\/www.webmium.cz\\\/blog\\\/senat-schvalil-cesky-zakon-o-kyberneticke-bezpecnosti-podle-nis2\\\/#breadcrumb\"},\"inLanguage\":\"cs\",\"potentialAction\":[{\"@type\":\"ReadAction\",\"target\":[\"https:\\\/\\\/www.webmium.cz\\\/blog\\\/senat-schvalil-cesky-zakon-o-kyberneticke-bezpecnosti-podle-nis2\\\/\"]}]},{\"@type\":\"ImageObject\",\"inLanguage\":\"cs\",\"@id\":\"https:\\\/\\\/www.webmium.cz\\\/blog\\\/senat-schvalil-cesky-zakon-o-kyberneticke-bezpecnosti-podle-nis2\\\/#primaryimage\",\"url\":\"https:\\\/\\\/www.webmium.cz\\\/blog\\\/wp-content\\\/uploads\\\/2025\\\/06\\\/Sena\u0301t-schva\u0301lil-c\u030cesky\u0301-za\u0301kon-o-kyberneticke\u0301-bezpec\u030cnosti-podle-NIS2-blog.jpg\",\"contentUrl\":\"https:\\\/\\\/www.webmium.cz\\\/blog\\\/wp-content\\\/uploads\\\/2025\\\/06\\\/Sena\u0301t-schva\u0301lil-c\u030cesky\u0301-za\u0301kon-o-kyberneticke\u0301-bezpec\u030cnosti-podle-NIS2-blog.jpg\",\"width\":600,\"height\":180},{\"@type\":\"BreadcrumbList\",\"@id\":\"https:\\\/\\\/www.webmium.cz\\\/blog\\\/senat-schvalil-cesky-zakon-o-kyberneticke-bezpecnosti-podle-nis2\\\/#breadcrumb\",\"itemListElement\":[{\"@type\":\"ListItem\",\"position\":1,\"name\":\"Dom\u016f\",\"item\":\"https:\\\/\\\/www.webmium.cz\\\/blog\\\/\"},{\"@type\":\"ListItem\",\"position\":2,\"name\":\"Sen\u00e1t schv\u00e1lil \u010desk\u00fd z\u00e1kon o kybernetick\u00e9 bezpe\u010dnosti podle NIS2\"}]},{\"@type\":\"WebSite\",\"@id\":\"https:\\\/\\\/www.webmium.cz\\\/blog\\\/#website\",\"url\":\"https:\\\/\\\/www.webmium.cz\\\/blog\\\/\",\"name\":\"Blog Webmium.cz\",\"description\":\"Marketingov\u00e9 novinky a zpr\u00e1vy\",\"publisher\":{\"@id\":\"https:\\\/\\\/www.webmium.cz\\\/blog\\\/#organization\"},\"potentialAction\":[{\"@type\":\"SearchAction\",\"target\":{\"@type\":\"EntryPoint\",\"urlTemplate\":\"https:\\\/\\\/www.webmium.cz\\\/blog\\\/?s={search_term_string}\"},\"query-input\":{\"@type\":\"PropertyValueSpecification\",\"valueRequired\":true,\"valueName\":\"search_term_string\"}}],\"inLanguage\":\"cs\"},{\"@type\":\"Organization\",\"@id\":\"https:\\\/\\\/www.webmium.cz\\\/blog\\\/#organization\",\"name\":\"Blog Webmium.cz\",\"url\":\"https:\\\/\\\/www.webmium.cz\\\/blog\\\/\",\"logo\":{\"@type\":\"ImageObject\",\"inLanguage\":\"cs\",\"@id\":\"https:\\\/\\\/www.webmium.cz\\\/blog\\\/#\\\/schema\\\/logo\\\/image\\\/\",\"url\":\"https:\\\/\\\/www.webmium.cz\\\/blog\\\/wp-content\\\/uploads\\\/2023\\\/09\\\/webmium-zelene-blog.png\",\"contentUrl\":\"https:\\\/\\\/www.webmium.cz\\\/blog\\\/wp-content\\\/uploads\\\/2023\\\/09\\\/webmium-zelene-blog.png\",\"width\":480,\"height\":49,\"caption\":\"Blog Webmium.cz\"},\"image\":{\"@id\":\"https:\\\/\\\/www.webmium.cz\\\/blog\\\/#\\\/schema\\\/logo\\\/image\\\/\"}},{\"@type\":\"Person\",\"@id\":\"https:\\\/\\\/www.webmium.cz\\\/blog\\\/#\\\/schema\\\/person\\\/f60ebd915ea99eda7dc078cc29b92d92\",\"name\":\"David Mart\u00ednek\",\"image\":{\"@type\":\"ImageObject\",\"inLanguage\":\"cs\",\"@id\":\"https:\\\/\\\/www.webmium.cz\\\/blog\\\/wp-content\\\/uploads\\\/2025\\\/04\\\/AIpasovka.png\",\"url\":\"https:\\\/\\\/www.webmium.cz\\\/blog\\\/wp-content\\\/uploads\\\/2025\\\/04\\\/AIpasovka.png\",\"contentUrl\":\"https:\\\/\\\/www.webmium.cz\\\/blog\\\/wp-content\\\/uploads\\\/2025\\\/04\\\/AIpasovka.png\",\"caption\":\"David Mart\u00ednek\"},\"description\":\"Profesion\u00e1ln\u00ed hnidopich a \u0161\u0165oural, kter\u00fd na testovan\u00e9m softwaru nenech\u00e1 nit suchou a v textu p\u0159i korektu\u0159e objev\u00ed i v\u011bci, kter\u00e9 v\u011bt\u0161ina ostatn\u00edch ani nepova\u017euje za chybu. P\u0159\u00edle\u017eitostn\u00fd psavec a zaryt\u00fd antiprogram\u00e1tor, libuj\u00edc\u00ed si v roli \\\"blba\\\", v\u016f\u010di n\u011bmu\u017e mus\u00ed b\u00fdt software \\\"blbuvzdorn\u00fd\\\". Nov\u011b tak\u00e9 pr\u016fzkumn\u00edk rozv\u00edjej\u00edc\u00edho se sv\u011bta um\u011bl\u00fdch inteligenc\u00ed. Ve voln\u00e9m \u010dase p\u0159ev\u00e1\u017en\u011b bas\u00e1k a n\u00e1ru\u017eiv\u00fd pejska\u0159.\",\"sameAs\":[\"https:\\\/\\\/www.linkedin.com\\\/in\\\/david-martinek-9747552b4?lipi=urnlipaged_flagship3_profile_view_base_contact_detailsqwe3mICSVWXy7a0NHKfA\"],\"url\":\"https:\\\/\\\/www.webmium.cz\\\/blog\\\/author\\\/david-m\\\/\"}]}<\/script>\n<!-- \/ Yoast SEO plugin. -->","yoast_head_json":{"title":"Sen\u00e1t schv\u00e1lil \u010desk\u00fd z\u00e1kon o kybernetick\u00e9 bezpe\u010dnosti podle NIS2 - Blog Webmium.cz","robots":{"index":"index","follow":"follow","max-snippet":"max-snippet:-1","max-image-preview":"max-image-preview:large","max-video-preview":"max-video-preview:-1"},"canonical":"https:\/\/www.webmium.cz\/blog\/senat-schvalil-cesky-zakon-o-kyberneticke-bezpecnosti-podle-nis2\/","og_locale":"cs_CZ","og_type":"article","og_title":"Sen\u00e1t schv\u00e1lil \u010desk\u00fd z\u00e1kon o kybernetick\u00e9 bezpe\u010dnosti podle NIS2 - Blog Webmium.cz","og_description":"\u010cesko m\u00e1 nov\u00fd z\u00e1kon o kybernetick\u00e9 bezpe\u010dnosti. Sen\u00e1t 11. \u010dervna 2025 schv\u00e1lil legislativu, kter\u00e1 p\u0159en\u00e1\u0161\u00ed sm\u011brnici NIS2 do \u010desk\u00e9ho pr\u00e1va. Z\u00e1kon p\u0159in\u00e1\u0161\u00ed nov\u00e9 povinnosti pro firmy ve strategick\u00fdch sektorech, umo\u017e\u0148uje omezit technologie z rizikov\u00fdch zem\u00ed a p\u0159esouv\u00e1 rozhodov\u00e1n\u00ed o rizikov\u00fdch dodavatel\u00edch na vl\u00e1du. \u00da\u010dinnost se o\u010dek\u00e1v\u00e1 u\u017e od 1. listopadu 2025 \u2013 firmy by m\u011bly za\u010d\u00edt s p\u0159\u00edpravami co nejd\u0159\u00edve.","og_url":"https:\/\/www.webmium.cz\/blog\/senat-schvalil-cesky-zakon-o-kyberneticke-bezpecnosti-podle-nis2\/","og_site_name":"Blog Webmium.cz","article_published_time":"2025-06-16T10:32:04+00:00","article_modified_time":"2025-06-16T10:32:05+00:00","og_image":[{"width":1200,"height":630,"url":"https:\/\/www.webmium.cz\/blog\/wp-content\/uploads\/2025\/06\/Sena\u0301t-schva\u0301lil-c\u030cesky\u0301-za\u0301kon-o-kyberneticke\u0301-bezpec\u030cnosti-podle-NIS2-socky-FB.jpg","type":"image\/jpeg"}],"author":"David Mart\u00ednek","twitter_card":"summary_large_image","twitter_misc":{"Napsal(a)":"David Mart\u00ednek","Odhadovan\u00e1 doba \u010dten\u00ed":"3 minuty"},"schema":{"@context":"https:\/\/schema.org","@graph":[{"@type":"Article","@id":"https:\/\/www.webmium.cz\/blog\/senat-schvalil-cesky-zakon-o-kyberneticke-bezpecnosti-podle-nis2\/#article","isPartOf":{"@id":"https:\/\/www.webmium.cz\/blog\/senat-schvalil-cesky-zakon-o-kyberneticke-bezpecnosti-podle-nis2\/"},"author":{"name":"David Mart\u00ednek","@id":"https:\/\/www.webmium.cz\/blog\/#\/schema\/person\/f60ebd915ea99eda7dc078cc29b92d92"},"headline":"Sen\u00e1t schv\u00e1lil \u010desk\u00fd z\u00e1kon o kybernetick\u00e9 bezpe\u010dnosti podle NIS2","datePublished":"2025-06-16T10:32:04+00:00","dateModified":"2025-06-16T10:32:05+00:00","mainEntityOfPage":{"@id":"https:\/\/www.webmium.cz\/blog\/senat-schvalil-cesky-zakon-o-kyberneticke-bezpecnosti-podle-nis2\/"},"wordCount":574,"commentCount":0,"publisher":{"@id":"https:\/\/www.webmium.cz\/blog\/#organization"},"image":{"@id":"https:\/\/www.webmium.cz\/blog\/senat-schvalil-cesky-zakon-o-kyberneticke-bezpecnosti-podle-nis2\/#primaryimage"},"thumbnailUrl":"https:\/\/www.webmium.cz\/blog\/wp-content\/uploads\/2025\/06\/Sena\u0301t-schva\u0301lil-c\u030cesky\u0301-za\u0301kon-o-kyberneticke\u0301-bezpec\u030cnosti-podle-NIS2-blog.jpg","articleSection":["uz-to-vite"],"inLanguage":"cs","potentialAction":[{"@type":"CommentAction","name":"Comment","target":["https:\/\/www.webmium.cz\/blog\/senat-schvalil-cesky-zakon-o-kyberneticke-bezpecnosti-podle-nis2\/#respond"]}]},{"@type":"WebPage","@id":"https:\/\/www.webmium.cz\/blog\/senat-schvalil-cesky-zakon-o-kyberneticke-bezpecnosti-podle-nis2\/","url":"https:\/\/www.webmium.cz\/blog\/senat-schvalil-cesky-zakon-o-kyberneticke-bezpecnosti-podle-nis2\/","name":"Sen\u00e1t schv\u00e1lil \u010desk\u00fd z\u00e1kon o kybernetick\u00e9 bezpe\u010dnosti podle NIS2 - Blog Webmium.cz","isPartOf":{"@id":"https:\/\/www.webmium.cz\/blog\/#website"},"primaryImageOfPage":{"@id":"https:\/\/www.webmium.cz\/blog\/senat-schvalil-cesky-zakon-o-kyberneticke-bezpecnosti-podle-nis2\/#primaryimage"},"image":{"@id":"https:\/\/www.webmium.cz\/blog\/senat-schvalil-cesky-zakon-o-kyberneticke-bezpecnosti-podle-nis2\/#primaryimage"},"thumbnailUrl":"https:\/\/www.webmium.cz\/blog\/wp-content\/uploads\/2025\/06\/Sena\u0301t-schva\u0301lil-c\u030cesky\u0301-za\u0301kon-o-kyberneticke\u0301-bezpec\u030cnosti-podle-NIS2-blog.jpg","datePublished":"2025-06-16T10:32:04+00:00","dateModified":"2025-06-16T10:32:05+00:00","breadcrumb":{"@id":"https:\/\/www.webmium.cz\/blog\/senat-schvalil-cesky-zakon-o-kyberneticke-bezpecnosti-podle-nis2\/#breadcrumb"},"inLanguage":"cs","potentialAction":[{"@type":"ReadAction","target":["https:\/\/www.webmium.cz\/blog\/senat-schvalil-cesky-zakon-o-kyberneticke-bezpecnosti-podle-nis2\/"]}]},{"@type":"ImageObject","inLanguage":"cs","@id":"https:\/\/www.webmium.cz\/blog\/senat-schvalil-cesky-zakon-o-kyberneticke-bezpecnosti-podle-nis2\/#primaryimage","url":"https:\/\/www.webmium.cz\/blog\/wp-content\/uploads\/2025\/06\/Sena\u0301t-schva\u0301lil-c\u030cesky\u0301-za\u0301kon-o-kyberneticke\u0301-bezpec\u030cnosti-podle-NIS2-blog.jpg","contentUrl":"https:\/\/www.webmium.cz\/blog\/wp-content\/uploads\/2025\/06\/Sena\u0301t-schva\u0301lil-c\u030cesky\u0301-za\u0301kon-o-kyberneticke\u0301-bezpec\u030cnosti-podle-NIS2-blog.jpg","width":600,"height":180},{"@type":"BreadcrumbList","@id":"https:\/\/www.webmium.cz\/blog\/senat-schvalil-cesky-zakon-o-kyberneticke-bezpecnosti-podle-nis2\/#breadcrumb","itemListElement":[{"@type":"ListItem","position":1,"name":"Dom\u016f","item":"https:\/\/www.webmium.cz\/blog\/"},{"@type":"ListItem","position":2,"name":"Sen\u00e1t schv\u00e1lil \u010desk\u00fd z\u00e1kon o kybernetick\u00e9 bezpe\u010dnosti podle NIS2"}]},{"@type":"WebSite","@id":"https:\/\/www.webmium.cz\/blog\/#website","url":"https:\/\/www.webmium.cz\/blog\/","name":"Blog Webmium.cz","description":"Marketingov\u00e9 novinky a zpr\u00e1vy","publisher":{"@id":"https:\/\/www.webmium.cz\/blog\/#organization"},"potentialAction":[{"@type":"SearchAction","target":{"@type":"EntryPoint","urlTemplate":"https:\/\/www.webmium.cz\/blog\/?s={search_term_string}"},"query-input":{"@type":"PropertyValueSpecification","valueRequired":true,"valueName":"search_term_string"}}],"inLanguage":"cs"},{"@type":"Organization","@id":"https:\/\/www.webmium.cz\/blog\/#organization","name":"Blog Webmium.cz","url":"https:\/\/www.webmium.cz\/blog\/","logo":{"@type":"ImageObject","inLanguage":"cs","@id":"https:\/\/www.webmium.cz\/blog\/#\/schema\/logo\/image\/","url":"https:\/\/www.webmium.cz\/blog\/wp-content\/uploads\/2023\/09\/webmium-zelene-blog.png","contentUrl":"https:\/\/www.webmium.cz\/blog\/wp-content\/uploads\/2023\/09\/webmium-zelene-blog.png","width":480,"height":49,"caption":"Blog Webmium.cz"},"image":{"@id":"https:\/\/www.webmium.cz\/blog\/#\/schema\/logo\/image\/"}},{"@type":"Person","@id":"https:\/\/www.webmium.cz\/blog\/#\/schema\/person\/f60ebd915ea99eda7dc078cc29b92d92","name":"David Mart\u00ednek","image":{"@type":"ImageObject","inLanguage":"cs","@id":"https:\/\/www.webmium.cz\/blog\/wp-content\/uploads\/2025\/04\/AIpasovka.png","url":"https:\/\/www.webmium.cz\/blog\/wp-content\/uploads\/2025\/04\/AIpasovka.png","contentUrl":"https:\/\/www.webmium.cz\/blog\/wp-content\/uploads\/2025\/04\/AIpasovka.png","caption":"David Mart\u00ednek"},"description":"Profesion\u00e1ln\u00ed hnidopich a \u0161\u0165oural, kter\u00fd na testovan\u00e9m softwaru nenech\u00e1 nit suchou a v textu p\u0159i korektu\u0159e objev\u00ed i v\u011bci, kter\u00e9 v\u011bt\u0161ina ostatn\u00edch ani nepova\u017euje za chybu. P\u0159\u00edle\u017eitostn\u00fd psavec a zaryt\u00fd antiprogram\u00e1tor, libuj\u00edc\u00ed si v roli \"blba\", v\u016f\u010di n\u011bmu\u017e mus\u00ed b\u00fdt software \"blbuvzdorn\u00fd\". Nov\u011b tak\u00e9 pr\u016fzkumn\u00edk rozv\u00edjej\u00edc\u00edho se sv\u011bta um\u011bl\u00fdch inteligenc\u00ed. Ve voln\u00e9m \u010dase p\u0159ev\u00e1\u017en\u011b bas\u00e1k a n\u00e1ru\u017eiv\u00fd pejska\u0159.","sameAs":["https:\/\/www.linkedin.com\/in\/david-martinek-9747552b4?lipi=urnlipaged_flagship3_profile_view_base_contact_detailsqwe3mICSVWXy7a0NHKfA"],"url":"https:\/\/www.webmium.cz\/blog\/author\/david-m\/"}]}},"uagb_featured_image_src":{"full":["https:\/\/www.webmium.cz\/blog\/wp-content\/uploads\/2025\/06\/Sena\u0301t-schva\u0301lil-c\u030cesky\u0301-za\u0301kon-o-kyberneticke\u0301-bezpec\u030cnosti-podle-NIS2-blog.jpg",600,180,false],"thumbnail":["https:\/\/www.webmium.cz\/blog\/wp-content\/uploads\/2025\/06\/Sena\u0301t-schva\u0301lil-c\u030cesky\u0301-za\u0301kon-o-kyberneticke\u0301-bezpec\u030cnosti-podle-NIS2-blog-150x150.jpg",150,150,true],"medium":["https:\/\/www.webmium.cz\/blog\/wp-content\/uploads\/2025\/06\/Sena\u0301t-schva\u0301lil-c\u030cesky\u0301-za\u0301kon-o-kyberneticke\u0301-bezpec\u030cnosti-podle-NIS2-blog-300x90.jpg",300,90,true],"medium_large":["https:\/\/www.webmium.cz\/blog\/wp-content\/uploads\/2025\/06\/Sena\u0301t-schva\u0301lil-c\u030cesky\u0301-za\u0301kon-o-kyberneticke\u0301-bezpec\u030cnosti-podle-NIS2-blog.jpg",600,180,false],"large":["https:\/\/www.webmium.cz\/blog\/wp-content\/uploads\/2025\/06\/Sena\u0301t-schva\u0301lil-c\u030cesky\u0301-za\u0301kon-o-kyberneticke\u0301-bezpec\u030cnosti-podle-NIS2-blog.jpg",600,180,false],"1536x1536":["https:\/\/www.webmium.cz\/blog\/wp-content\/uploads\/2025\/06\/Sena\u0301t-schva\u0301lil-c\u030cesky\u0301-za\u0301kon-o-kyberneticke\u0301-bezpec\u030cnosti-podle-NIS2-blog.jpg",600,180,false],"2048x2048":["https:\/\/www.webmium.cz\/blog\/wp-content\/uploads\/2025\/06\/Sena\u0301t-schva\u0301lil-c\u030cesky\u0301-za\u0301kon-o-kyberneticke\u0301-bezpec\u030cnosti-podle-NIS2-blog.jpg",600,180,false],"authorship-box-avatar":["https:\/\/www.webmium.cz\/blog\/wp-content\/uploads\/2025\/06\/Sena\u0301t-schva\u0301lil-c\u030cesky\u0301-za\u0301kon-o-kyberneticke\u0301-bezpec\u030cnosti-podle-NIS2-blog-150x150.jpg",150,150,true],"authorship-box-related":["https:\/\/www.webmium.cz\/blog\/wp-content\/uploads\/2025\/06\/Sena\u0301t-schva\u0301lil-c\u030cesky\u0301-za\u0301kon-o-kyberneticke\u0301-bezpec\u030cnosti-podle-NIS2-blog-70x70.jpg",70,70,true]},"uagb_author_info":{"display_name":"David Mart\u00ednek","author_link":"https:\/\/www.webmium.cz\/blog\/author\/david-m\/"},"uagb_comment_info":0,"uagb_excerpt":"\u010cesko m\u00e1 nov\u00fd z\u00e1kon o kybernetick\u00e9 bezpe\u010dnosti. Sen\u00e1t 11. \u010dervna 2025 schv\u00e1lil legislativu, kter\u00e1 p\u0159en\u00e1\u0161\u00ed sm\u011brnici NIS2 do \u010desk\u00e9ho pr\u00e1va. Z\u00e1kon p\u0159in\u00e1\u0161\u00ed nov\u00e9 povinnosti pro firmy ve strategick\u00fdch sektorech, umo\u017e\u0148uje omezit technologie z rizikov\u00fdch zem\u00ed a p\u0159esouv\u00e1 rozhodov\u00e1n\u00ed o rizikov\u00fdch dodavatel\u00edch na vl\u00e1du. \u00da\u010dinnost se o\u010dek\u00e1v\u00e1 u\u017e od 1. listopadu 2025 \u2013 firmy by m\u011bly&hellip;","_links":{"self":[{"href":"https:\/\/www.webmium.cz\/blog\/wp-json\/wp\/v2\/posts\/4455","targetHints":{"allow":["GET"]}}],"collection":[{"href":"https:\/\/www.webmium.cz\/blog\/wp-json\/wp\/v2\/posts"}],"about":[{"href":"https:\/\/www.webmium.cz\/blog\/wp-json\/wp\/v2\/types\/post"}],"author":[{"embeddable":true,"href":"https:\/\/www.webmium.cz\/blog\/wp-json\/wp\/v2\/users\/4"}],"replies":[{"embeddable":true,"href":"https:\/\/www.webmium.cz\/blog\/wp-json\/wp\/v2\/comments?post=4455"}],"version-history":[{"count":1,"href":"https:\/\/www.webmium.cz\/blog\/wp-json\/wp\/v2\/posts\/4455\/revisions"}],"predecessor-version":[{"id":4458,"href":"https:\/\/www.webmium.cz\/blog\/wp-json\/wp\/v2\/posts\/4455\/revisions\/4458"}],"wp:featuredmedia":[{"embeddable":true,"href":"https:\/\/www.webmium.cz\/blog\/wp-json\/wp\/v2\/media\/4456"}],"wp:attachment":[{"href":"https:\/\/www.webmium.cz\/blog\/wp-json\/wp\/v2\/media?parent=4455"}],"wp:term":[{"taxonomy":"category","embeddable":true,"href":"https:\/\/www.webmium.cz\/blog\/wp-json\/wp\/v2\/categories?post=4455"},{"taxonomy":"post_tag","embeddable":true,"href":"https:\/\/www.webmium.cz\/blog\/wp-json\/wp\/v2\/tags?post=4455"}],"curies":[{"name":"wp","href":"https:\/\/api.w.org\/{rel}","templated":true}]}}