{"id":4390,"date":"2025-05-09T12:57:38","date_gmt":"2025-05-09T10:57:38","guid":{"rendered":"https:\/\/www.webmium.cz\/blog\/?p=4390"},"modified":"2025-05-09T13:15:53","modified_gmt":"2025-05-09T11:15:53","slug":"novinky-z-onlajnu-duben-2025","status":"publish","type":"post","link":"https:\/\/www.webmium.cz\/blog\/novinky-z-onlajnu-duben-2025\/","title":{"rendered":"Novinky z onlajnu duben 2025"},"content":{"rendered":"\n<p>Online sv\u011bt nikdy nesp\u00ed \u2013 a my pro v\u00e1s m\u00e1me p\u0159ehled toho nejzaj\u00edmav\u011bj\u0161\u00edho. V na\u0161em pravideln\u00e9m souhrnu se zam\u011b\u0159ujeme na nejnov\u011bj\u0161\u00ed d\u011bn\u00ed v oblasti SEO, PPC, um\u011bl\u00e9 inteligence, soci\u00e1ln\u00edch s\u00edt\u00ed i webov\u00e9ho v\u00fdvoje. Pokud chcete dr\u017eet krok s digit\u00e1ln\u00edm sv\u011btem, tenhle \u010dl\u00e1nek v\u00e1s nezklame.<\/p>\n\n\n\n<h2 class=\"wp-block-heading\">SEO<\/h2>\n\n\n\n<h3 class=\"wp-block-heading\">Dejte si pozor na bezd\u016fvodnou aktualizaci sitemapy<\/h3>\n\n\n\n<p>Aktualizace dat v XML sitemap\u00e1ch bez skute\u010dn\u00e9 zm\u011bny obsahu nem\u00e1 \u017e\u00e1dn\u00fd pozitivn\u00ed vliv na SEO. John Mueller z Googlu zd\u016fraz\u0148uje, \u017ee pokud se m\u011bn\u00ed pouze datum, ale samotn\u00fd obsah str\u00e1nky z\u016fst\u00e1v\u00e1 nezm\u011bn\u011bn, Google to nepova\u017euje za sign\u00e1l k nov\u00e9mu indexov\u00e1n\u00ed. Naopak to m\u016f\u017ee vyvolat podez\u0159en\u00ed, \u017ee web manipuluje s daty za \u00fa\u010delem zlep\u0161en\u00ed pozic ve vyhled\u00e1v\u00e1n\u00ed, co\u017e m\u016f\u017ee v\u00e9st ke sn\u00ed\u017een\u00ed d\u016fv\u011bryhodnosti. Doporu\u010duje se tedy aktualizovat datum v sitemap\u011b jen tehdy, kdy\u017e dojde k re\u00e1ln\u00fdm zm\u011bn\u00e1m na str\u00e1nce, kter\u00e9 maj\u00ed v\u00fdznam pro u\u017eivatele i vyhled\u00e1va\u010de. Jedn\u00e1 se st\u00e1le o pom\u011brn\u011b obl\u00edbenou techniku, kter\u00e1 by V\u00e1m ale mohla znateln\u011b u\u0161kodit, d\u00e1vejte tedy pozor.<\/p>\n\n\n\n<p><a href=\"https:\/\/www.searchenginejournal.com\/googles-john-mueller-updating-xml-sitemap-dates-doesnt-help-seo\/545547\">https:\/\/www.searchenginejournal.com\/googles-john-mueller-updating-xml-sitemap-dates-doesnt-help-seo\/545547<\/a><\/p>\n\n\n\n<h3 class=\"wp-block-heading\">Google p\u0159irovn\u00e1v\u00e1 v\u00fdznam LLM.txt k tagu Keywords<\/h3>\n\n\n\n<p><strong>LLMs.txt<\/strong>, kter\u00fd m\u00e1 webov\u00fdm str\u00e1nk\u00e1m umo\u017enit specifikovat, zda si p\u0159ej\u00ed b\u00fdt proch\u00e1zeny a vyu\u017e\u00edv\u00e1ny modely um\u011bl\u00e9 inteligence, jako jsou velk\u00e9 jazykov\u00e9 modely (LLMs). Google tento soubor testuje, ale podle Johna Muellera ho vn\u00edm\u00e1 sp\u00ed\u0161e jako modern\u00ed verzi zastaral\u00e9ho meta tagu <em>keywords<\/em>, kter\u00fd v minulosti umo\u017e\u0148oval webmaster\u016fm zad\u00e1vat kl\u00ed\u010dov\u00e1 slova, ale byl \u010dasto zneu\u017e\u00edv\u00e1n a nakonec ignorov\u00e1n. Podobn\u011b LLMs.txt zat\u00edm nem\u00e1 \u017e\u00e1dnou garantovanou v\u00e1hu \u2013 Google ne\u0159\u00edk\u00e1, \u017ee ho bude respektovat, a Mueller upozor\u0148uje, \u017ee nen\u00ed sou\u010d\u00e1st\u00ed \u017e\u00e1dn\u00e9ho webov\u00e9ho standardu. Dopad tohoto souboru na indexaci, crawling nebo hodnocen\u00ed webu je miziv\u00fd a\u017e \u017e\u00e1dn\u00fd. Nicm\u00e9n\u011b pro jin\u00e9 platformy a vyhled\u00e1va\u010de m\u00edt smysl m\u016f\u017ee a jeho implementace nezabere p\u0159\u00edli\u0161 mnoho \u010dasu.<\/p>\n\n\n\n<p><a href=\"https:\/\/www.searchenginejournal.com\/google-says-llms-txt-comparable-to-keywords-meta-tag\/544804\">https:\/\/www.searchenginejournal.com\/google-says-llms-txt-comparable-to-keywords-meta-tag\/544804<\/a><\/p>\n\n\n\n<h3 class=\"wp-block-heading\">Google Discover se objev\u00ed i na desktopu<\/h3>\n\n\n\n<p><strong>Google Discover<\/strong>, tedy personalizovan\u00fd obsahov\u00fd feed dosud dostupn\u00fd pouze na mobiln\u00edch za\u0159\u00edzen\u00edch, p\u0159ich\u00e1z\u00ed i na <strong>desktopov\u00e9 vyhled\u00e1v\u00e1n\u00ed<\/strong>. Google potvrdil testov\u00e1n\u00ed t\u00e9to funkce, kter\u00e1 u\u017eivatel\u016fm zobraz\u00ed relevantn\u00ed obsah p\u0159\u00edmo na domovsk\u00e9 str\u00e1nce Google na po\u010d\u00edta\u010di, podobn\u011b jako tomu je na mobilu. Pro vydavatele to znamen\u00e1 nov\u00fd potenci\u00e1ln\u00ed zdroj n\u00e1v\u0161t\u011bvnosti, ale i pot\u0159ebu optimalizace obsahu tak, aby byl atraktivn\u00ed pro algoritmy Discoveru \u2013 tedy kl\u00e1st d\u016fraz na vizu\u00e1ln\u00ed prvky (obr\u00e1zky, titulky), aktu\u00e1lnost a tematickou relevanci. Jeliko\u017e Discover funguje na z\u00e1klad\u011b u\u017eivatelsk\u00e9ho chov\u00e1n\u00ed a z\u00e1jm\u016f, nikoliv na kl\u00ed\u010dov\u00fdch slovech, auto\u0159i web\u016f mus\u00ed v\u00edce p\u0159em\u00fd\u0161let o zp\u016fsobu, jak tvo\u0159it obsah, kter\u00fd m\u00e1 potenci\u00e1l zaujmout a b\u00fdt doporu\u010dov\u00e1n \u2013 a to v prost\u0159ed\u00ed, kde klasick\u00e9 SEO metody hraj\u00ed jen okrajovou roli.<\/p>\n\n\n\n<p><a href=\"https:\/\/www.searchenginejournal.com\/google-confirms-discover-coming-to-desktop-search\/544029\">https:\/\/www.searchenginejournal.com\/google-confirms-discover-coming-to-desktop-search\/544029<\/a><\/p>\n\n\n\n<h2 class=\"wp-block-heading\">Soci\u00e1ln\u00ed s\u00edt\u011b&nbsp;<\/h2>\n\n\n\n<h3 class=\"wp-block-heading\">Meta dostala v Evrop\u011b dal\u0161\u00ed vysokou pokutu za poru\u0161en\u00ed z\u00e1kona<\/h3>\n\n\n\n<p>Evropsk\u00e1 komise v dubnu 2025 ud\u011blila spole\u010dnosti Meta pokutu ve v\u00fd\u0161i 200 milion\u016f eur za poru\u0161en\u00ed pravidel Digit\u00e1ln\u00edho trhu EU (DMA). Pokuta se t\u00fdk\u00e1 jej\u00edho modelu \u201esouhlas nebo platba\u201c na Facebooku a Instagramu, kdy u\u017eivatel\u00e9 museli bu\u010f souhlasit s vyu\u017e\u00edv\u00e1n\u00edm sv\u00fdch osobn\u00edch \u00fadaj\u016f pro personalizovan\u00e9 reklamy, nebo zaplatit za verzi bez reklam. Komise rozhodla, \u017ee tento p\u0159\u00edstup neumo\u017e\u0148uje u\u017eivatel\u016fm skute\u010dn\u00fd v\u00fdb\u011br a nechr\u00e1n\u00ed jejich soukrom\u00ed dostate\u010dn\u011b. Meta pl\u00e1nuje rozhodnut\u00ed napadnout u soudu, tvrd\u00ed, \u017ee je nespravedliv\u00e9 a diskrimina\u010dn\u00ed. Tato pokuta je sou\u010d\u00e1st\u00ed \u0161ir\u0161\u00edho tlaku EU na americk\u00e9 technologick\u00e9 giganty ohledn\u011b ochrany osobn\u00edch \u00fadaj\u016f a spravedliv\u00e9 konkurence.\u200b<\/p>\n\n\n\n<p><a href=\"https:\/\/www.socialmediatoday.com\">https:\/\/www.socialmediatoday.com<\/a><\/p>\n\n\n\n<h3 class=\"wp-block-heading\">Meta sd\u00edl\u00ed poznatky o tom, jak se zna\u010dky mohou spojit s publikem generace Z<\/h3>\n\n\n\n<p>Meta ned\u00e1vno zve\u0159ejnila v\u00fdsledky v\u00fdzkumu zam\u011b\u0159en\u00e9ho na chov\u00e1n\u00ed generace Z na soci\u00e1ln\u00edch s\u00edt\u00edch. Studie ukazuje, \u017ee 67 % u\u017eivatel\u016f t\u00e9to generace sd\u00edl\u00ed videa s p\u0159\u00e1teli a rodinou, co\u017e nazna\u010duje posun sm\u011brem k osobn\u00edmu a emocion\u00e1ln\u00edmu vyjad\u0159ov\u00e1n\u00ed. D\u00e1le 81 % respondent\u016f pou\u017e\u00edv\u00e1 Instagram k osobn\u00edmu rozvoji, nap\u0159\u00edklad k z\u00edsk\u00e1v\u00e1n\u00ed nov\u00fdch dovednost\u00ed nebo informac\u00ed o zdrav\u00ed a financ\u00edch. Meta zd\u016fraz\u0148uje v\u00fdznam kr\u00e1tk\u00fdch vide\u00ed a doporu\u010den\u00ed od tv\u016frc\u016f obsahu, kter\u00e9 ovliv\u0148uj\u00ed rozhodov\u00e1n\u00ed o n\u00e1kupech. Studie rovn\u011b\u017e ukazuje, \u017ee 78 % generace Z objevuje nov\u00e9 zna\u010dky prost\u0159ednictv\u00edm vide\u00ed na soci\u00e1ln\u00edch m\u00e9di\u00edch. Pro zna\u010dky to znamen\u00e1 nutnost vytv\u00e1\u0159et autentick\u00fd, z\u00e1bavn\u00fd a hodnotn\u00fd obsah, kter\u00fd rezonuje s touto c\u00edlovou skupinou.<\/p>\n\n\n\n<p><a href=\"https:\/\/www.socialmediatoday.com\">https:\/\/www.socialmediatoday.com<\/a><\/p>\n\n\n\n<h3 class=\"wp-block-heading\">Meta zd\u016fraz\u0148uje zlep\u0161en\u00ed v\u00fdkonu reklamn\u00edch kampan\u00ed s vyu\u017eit\u00edm um\u011bl\u00e9 inteligence<\/h3>\n\n\n\n<p>Meta vylep\u0161ila svou reklamn\u00ed platformu Advantage+, kter\u00e1 nyn\u00ed vyu\u017e\u00edv\u00e1 um\u011blou inteligenci k automatizaci cel\u00e9ho procesu kampan\u00ed \u2013 od c\u00edlen\u00ed p\u0159es rozpo\u010det a\u017e po \u00fapravy kreativ. Nov\u011b AI sama optimalizuje vizu\u00e1ly, jako je jas nebo text, \u010d\u00edm\u017e zlep\u0161uje v\u00fdsledky a sni\u017euje n\u00e1klady. Syst\u00e9m tak\u00e9 podporuje v\u00edce typ\u016f c\u00edl\u016f, nap\u0159\u00edklad prodeje \u010di z\u00edsk\u00e1v\u00e1n\u00ed lead\u016f, a p\u0159id\u00e1v\u00e1 n\u00e1stroj Opportunity Score, kter\u00fd hodnot\u00ed efektivitu kampan\u00ed a navrhuje zlep\u0161en\u00ed. D\u00edky t\u011bmto zm\u011bn\u00e1m mohou inzerenti snadn\u011bji a efektivn\u011bji dosahovat lep\u0161\u00edch v\u00fdsledk\u016f.<\/p>\n\n\n\n<p><a href=\"https:\/\/www.socialmediatoday.com\">https:\/\/www.socialmediatoday.com<\/a><\/p>\n\n\n\n<h3 class=\"wp-block-heading\">Meta Verified vypad\u00e1, \u017ee s nov\u00fdmi prvky podpo\u0159\u00ed popularitu zna\u010dek<\/h3>\n\n\n\n<p>Meta testuje varov\u00e1n\u00ed pro u\u017eivatele, kte\u0159\u00ed interaguj\u00ed s neov\u011b\u0159en\u00fdmi obchodn\u00edmi \u00fa\u010dty na Facebooku a Instagramu. Pokud takov\u00fd \u00fa\u010det ozna\u010d\u00ed obsah jako origin\u00e1ln\u00ed, u\u017eivatel\u00e9 obdr\u017e\u00ed upozorn\u011bn\u00ed, \u017ee tento \u00fa\u010det nen\u00ed ov\u011b\u0159en\u00fd a m\u016f\u017ee b\u00fdt m\u00e9n\u011b d\u016fv\u011bryhodn\u00fd. Tento krok m\u00e1 motivovat firmy k p\u0159echodu na slu\u017ebu Meta Verified, kter\u00e1 nab\u00edz\u00ed ov\u011b\u0159en\u00ed identity, ochranu proti zneu\u017eit\u00ed a p\u0159\u00edstup k z\u00e1kaznick\u00e9 podpo\u0159e. Meta pl\u00e1nuje roz\u0161\u00ed\u0159it tuto funkci na v\u0161echny u\u017eivatele v USA a dal\u0161\u00edch zem\u00edch, aby zv\u00fd\u0161ila d\u016fv\u011bryhodnost a transparentnost obchodn\u00edch \u00fa\u010dt\u016f na sv\u00fdch platform\u00e1ch.<\/p>\n\n\n\n<p><a href=\"https:\/\/www.socialmediatoday.com\">https:\/\/www.socialmediatoday.com<\/a><\/p>\n\n\n\n<h3 class=\"wp-block-heading\">B\u00edl\u00fd d\u016fm se bl\u00ed\u017e\u00ed k ozn\u00e1men\u00ed dohody o zachov\u00e1n\u00ed TikToku v Americe<\/h3>\n\n\n\n<p>Vypad\u00e1 to, \u017ee TikTok z\u016fstane v USA dostupn\u00fd, p\u0159i\u010dem\u017e Trumpova administrativa se sna\u017e\u00ed pokro\u010dit s novou dohodou, kter\u00e1 by vedla k vytvo\u0159en\u00ed samostatn\u00e9ho subjektu s n\u00e1zvem \u201eTikTok America\u201c a n\u00e1sledn\u011b by p\u0159il\u00e1kala investice od americk\u00fdch partner\u016f. Mezi nimi budou pravd\u011bpodobn\u011b Oracle, Blackrock a Andreesen Horowitz, mimo jin\u00e9, jejich\u017e jm\u00e9no bude teprve potvrzeno.<\/p>\n\n\n\n<p><a href=\"https:\/\/www.socialmediatoday.com\">https:\/\/www.socialmediatoday.com<\/a><\/p>\n\n\n\n<p><a href=\"https:\/\/www.theinformation.com\">https:\/\/www.theinformation.com<\/a><\/p>\n\n\n\n<h3 class=\"wp-block-heading\">TikTok nyn\u00ed umo\u017e\u0148uje zv\u00fdraz\u0148ovat koment\u00e1\u0159e z vybran\u00fdch profil\u016f b\u011bhem \u017eiv\u00fdch stream\u016f<\/h3>\n\n\n\n<p>TikTok testuje novou funkci pro ozna\u010dov\u00e1n\u00ed p\u0159\u00e1tel b\u011bhem \u017eiv\u00fdch vys\u00edl\u00e1n\u00ed, kter\u00e1 umo\u017en\u00ed u\u017eivatel\u016fm ozna\u010dit sv\u00e9 p\u0159\u00e1tele p\u0159\u00edmo v \u017eiv\u00e9m videu. Tato funkce m\u00e1 za c\u00edl zv\u00fd\u0161it interaktivitu a propojen\u00ed mezi u\u017eivateli b\u011bhem \u017eiv\u00fdch p\u0159enos\u016f. TikTok pl\u00e1nuje tuto funkci postupn\u011b zp\u0159\u00edstupnit \u0161ir\u0161\u00edmu okruhu u\u017eivatel\u016f a sledovat jej\u00ed p\u0159ijet\u00ed a vliv na zapojen\u00ed komunity. Tento krok je sou\u010d\u00e1st\u00ed \u0161ir\u0161\u00ed strategie TikToku zam\u011b\u0159en\u00e9 na zlep\u0161en\u00ed u\u017eivatelsk\u00e9ho z\u00e1\u017eitku a podporu autentick\u00fdch interakc\u00ed mezi u\u017eivateli.<\/p>\n\n\n\n<p><a href=\"https:\/\/www.socialmediatoday.com\">https:\/\/www.socialmediatoday.com<\/a><\/p>\n\n\n\n<h3 class=\"wp-block-heading\">TikTok spou\u0161t\u00ed roz\u0161\u00ed\u0159en\u00fd program pob\u00eddek pro tv\u016frce, aby odrazil \u00fatoky ze strany Instagramu<\/h3>\n\n\n\n<p>TikTok ned\u00e1vno p\u0159edstavil nov\u00fd syst\u00e9m odm\u011bn pro tv\u016frce obsahu, kter\u00fd je zam\u011b\u0159en na podporu kvalitn\u00edho, origin\u00e1ln\u00edho a vyhled\u00e1van\u00e9ho obsahu. Tento program odm\u011b\u0148uje tv\u016frce na z\u00e1klad\u011b \u010dty\u0159 kl\u00ed\u010dov\u00fdch metrik: originality, d\u00e9lky zhl\u00e9dnut\u00ed, hodnoty ve vyhled\u00e1v\u00e1n\u00ed a zapojen\u00ed publika. Tv\u016frci mohou tak\u00e9 vyu\u017e\u00edvat n\u00e1stroj Search Insights k identifikaci popul\u00e1rn\u00edch t\u00e9mat pro tvorbu obsahu. Pro \u00fa\u010dast v programu mus\u00ed tv\u016frci spl\u0148ovat ur\u010dit\u00e9 podm\u00ednky, v\u010detn\u011b minim\u00e1ln\u00edho po\u010dtu sleduj\u00edc\u00edch a zhl\u00e9dnut\u00ed, a m\u00edt osobn\u00ed \u00fa\u010det v dobr\u00e9m stavu. TikTok tak\u00e9 vylep\u0161il analytick\u00fd panel, kter\u00fd poskytuje podrobn\u00e9 informace o v\u00fdkonnosti obsahu a odm\u011bn\u00e1ch.\u200b<\/p>\n\n\n\n<p><a href=\"https:\/\/www.socialmediatoday.com\">https:\/\/www.socialmediatoday.com<\/a><\/p>\n\n\n\n<h3 class=\"wp-block-heading\">Meta poskytuje inzerent\u016fm pokyny na z\u00e1klad\u011b nejnov\u011bj\u0161\u00edch trend\u016f v oblasti zapojen\u00ed<\/h3>\n\n\n\n<p>Meta sd\u00edlela nov\u00e9 tipy pro tvorbu efektivn\u00edch reklam na Reels, kter\u00e9 nyn\u00ed dosahuj\u00ed v\u00edce ne\u017e 200 miliard zhl\u00e9dnut\u00ed denn\u011b na Facebooku a Instagramu. Doporu\u010duje se vytv\u00e1\u0159et videa ve vertik\u00e1ln\u00edm form\u00e1tu 9:16, pou\u017e\u00edvat zvuk pro zv\u00fd\u0161en\u00ed zapojen\u00ed (reklamy se zvukem maj\u00ed o 15 % lep\u0161\u00ed v\u00fdkon) a udr\u017eovat kl\u00ed\u010dov\u00e9 informace v \u201esafe zone\u201c, aby nebyly skryt\u00e9 UI prvky. Meta rovn\u011b\u017e doporu\u010duje spolupr\u00e1ci s tv\u016frci obsahu a vyu\u017e\u00edv\u00e1n\u00ed n\u00e1stroj\u016f Advantage+ pro automatizaci kampan\u00ed. Reklamy, kter\u00e9 dodr\u017euj\u00ed tyto z\u00e1sady, vykazuj\u00ed o 34 % ni\u017e\u0161\u00ed n\u00e1klady na v\u00fdsledek ne\u017e statick\u00e9 obr\u00e1zky a o 20 % lep\u0161\u00ed v\u00fdkon ne\u017e videa bez zvuku.<\/p>\n\n\n\n<p><a href=\"https:\/\/www.socialmediatoday.com\">https:\/\/www.socialmediatoday.com<\/a><\/p>\n\n\n\n<h3 class=\"wp-block-heading\">Instagram spou\u0161t\u00ed aplikaci pro st\u0159ih videa<\/h3>\n\n\n\n<p>\u200bInstagram ned\u00e1vno uvedl novou aplikaci Edits, kter\u00e1 nab\u00edz\u00ed pokro\u010dil\u00e9 n\u00e1stroje pro \u00fapravu vide\u00ed, v\u010detn\u011b AI animac\u00ed, zelen\u00e9 obrazovky, generov\u00e1n\u00ed titulk\u016f a analytiky v\u00fdkonnosti. Aplikace je zdarma, bez vodoznak\u016f a umo\u017e\u0148uje export vide\u00ed ve vysok\u00e9 kvalit\u011b. Edits je navr\u017een pro tv\u016frce obsahu, kte\u0159\u00ed hledaj\u00ed profesion\u00e1ln\u00ed n\u00e1stroje pro tvorbu vide\u00ed p\u0159\u00edmo na mobiln\u00edch za\u0159\u00edzen\u00edch. Aplikace je k dispozici pro iOS a Android a integruje se p\u0159\u00edmo s Instagramem, co\u017e umo\u017e\u0148uje snadn\u00e9 sd\u00edlen\u00ed a anal\u00fdzu v\u00fdkonnosti obsahu.\u200b<\/p>\n\n\n\n<p><a href=\"https:\/\/www.socialmediatoday.com\">https:\/\/www.socialmediatoday.com<\/a><\/p>\n\n\n\n<h3 class=\"wp-block-heading\">Experimenty X s aktualizovan\u00fdm u\u017eivatelsk\u00fdm rozhran\u00edm pro p\u0159ehr\u00e1v\u00e1n\u00ed videa<\/h3>\n\n\n\n<p>X (d\u0159\u00edve Twitter) testuje nov\u00fd zp\u016fsob zobrazen\u00ed vide\u00ed na mobiln\u00edch za\u0159\u00edzen\u00edch, inspirovan\u00fd TikTokem. U\u017eivatel\u00e9 mohou proch\u00e1zet videa ve vertik\u00e1ln\u00edm form\u00e1tu, p\u0159i\u010dem\u017e posunut\u00edm nahoru se dostanou k dal\u0161\u00edmu videu, co\u017e vytv\u00e1\u0159\u00ed plynul\u00fd z\u00e1\u017eitek. Tato zm\u011bna je sou\u010d\u00e1st\u00ed \u0161ir\u0161\u00ed strategie zam\u011b\u0159en\u00e9 na videoobsah, kdy X hl\u00e1s\u00ed 35% meziro\u010dn\u00ed n\u00e1r\u016fst zhl\u00e9dnut\u00ed vide\u00ed a 17% n\u00e1r\u016fst \u010dasu str\u00e1ven\u00e9ho sledov\u00e1n\u00edm vide\u00ed. Nov\u00fd form\u00e1t je dostupn\u00fd pro u\u017eivatele v USA a m\u016f\u017ee b\u00fdt sou\u010d\u00e1st\u00ed \u0161ir\u0161\u00edho trendu zam\u011b\u0159en\u00e9ho na videoobsah na platform\u011b.<\/p>\n\n\n\n<p><a href=\"https:\/\/www.socialmediatoday.com\">https:\/\/www.socialmediatoday.com<\/a><\/p>\n\n\n\n<h3 class=\"wp-block-heading\">X nad\u00e1le ztr\u00e1c\u00ed u\u017eivatele z EU podle nejnov\u011bj\u0161\u00ed zpr\u00e1vy DSA<\/h3>\n\n\n\n<p>X (d\u0159\u00edve Twitter) zaznamenal v Evrop\u011b pokles u\u017eivatel\u016f o 10,5 % od l\u00e9ta 2024, co\u017e p\u0159edstavuje ztr\u00e1tu p\u0159ibli\u017en\u011b 10 milion\u016f u\u017eivatel\u016f. Nejv\u011bt\u0161\u00ed poklesy byly hl\u00e1\u0161eny ve Francii (2,7 milionu), Polsku (1,8 milionu) a N\u011bmecku (1,3 milionu). V men\u0161\u00edch zem\u00edch, jako je Litva a Lucembursko, do\u0161lo ke ztr\u00e1t\u011b a\u017e \u010dtvrtiny u\u017eivatelsk\u00e9 z\u00e1kladny. Tyto \u00fadaje byly zve\u0159ejn\u011bny v souladu s evropsk\u00fdm z\u00e1konem o digit\u00e1ln\u00edch slu\u017eb\u00e1ch (DSA). Pokles je spojen s politick\u00fdm sm\u011b\u0159ov\u00e1n\u00edm Elona Muska a jeho spojen\u00edm s hnut\u00edm MAGA, co\u017e vedlo k odchodu n\u011bkter\u00fdch u\u017eivatel\u016f a organizac\u00ed z platformy.<\/p>\n\n\n\n<p><a href=\"https:\/\/www.socialmediatoday.com\">https:\/\/www.socialmediatoday.com<\/a><\/p>\n\n\n\n<h3 class=\"wp-block-heading\">Snapchat sd\u00edl\u00ed data o tom, jak \u0161t\u011bst\u00ed ovliv\u0148uje odezvu na reklamy v Snapu<\/h3>\n\n\n\n<p>\u200bSnapchat a Alter Agents zve\u0159ejnili studii, kter\u00e1 ukazuje, \u017ee pozitivn\u00ed emoce spojen\u00e9 s pou\u017e\u00edv\u00e1n\u00edm aplikace zvy\u0161uj\u00ed \u00fa\u010dinnost reklam. V\u00fdzkum mezi v\u00edce ne\u017e 10 000 u\u017eivateli ve v\u011bku 13\u201349 let v osmi zem\u00edch odhalil, \u017ee siln\u011bj\u0161\u00ed pocity spojen\u00ed p\u0159i pou\u017e\u00edv\u00e1n\u00ed Snapchat vedou k vy\u0161\u0161\u00ed pravd\u011bpodobnosti doporu\u010den\u00ed zna\u010dek, co\u017e p\u0159in\u00e1\u0161\u00ed 4,5kr\u00e1t v\u00edce doporu\u010den\u00ed ne\u017e jin\u00e9 platformy. Reklamy na Snapchat tak\u00e9 zvy\u0161uj\u00ed kr\u00e1tkodob\u00e9 a dlouhodob\u00e9 metriky zna\u010dky, v\u010detn\u011b 8% n\u00e1r\u016fstu obl\u00edbenosti zna\u010dky, a siln\u011bj\u0161\u00ed pocity \u0161t\u011bst\u00ed p\u0159i pou\u017e\u00edv\u00e1n\u00ed Snapchat zvy\u0161uj\u00ed pravd\u011bpodobnost n\u00e1kupu o 1,7kr\u00e1t ve srovn\u00e1n\u00ed s konkuren\u010dn\u00edmi aplikacemi. Zna\u010dky, kter\u00e9 inzeruj\u00ed na Snapchat, jsou vn\u00edm\u00e1ny jako 4,8kr\u00e1t modern\u011bj\u0161\u00ed a 1,6kr\u00e1t v\u00edce relatable ne\u017e p\u0159i inzerov\u00e1n\u00ed na konkurenci.<\/p>\n\n\n\n<p><a href=\"https:\/\/www.socialmediatoday.com\">https:\/\/www.socialmediatoday.com<\/a><\/p>\n\n\n\n<h2 class=\"wp-block-heading\">Linkedin<\/h2>\n\n\n\n<p>Dubnov\u00e9 novinky na LinkedInu pot\u011b\u0161\u00ed hlavn\u011b firmy a tv\u016frce obsahu. Firemn\u00ed str\u00e1nky te\u010f mohou oslovovat sleduj\u00edc\u00ed podobn\u00fdch profil\u016f \u2013 ide\u00e1ln\u00ed p\u0159\u00edle\u017eitost, jak roz\u0161\u00ed\u0159it svou s\u00ed\u0165. A ov\u011b\u0159en\u00ed identity se d\u00e1 nov\u011b vyu\u017e\u00edt i mimo LinkedIn \u2013 t\u0159eba v n\u00e1stroj\u00edch Adobe. D\u016fv\u011bryhodnost se prost\u011b nos\u00ed<\/p>\n\n\n\n<p><a href=\"https:\/\/www.heyorca.com\/blog\/linkedin-social-news\">https:\/\/www.heyorca.com\/blog\/linkedin-social-news<\/a><\/p>\n\n\n\n<p>Mezi trendy vl\u00e1dne autentick\u00fd obsah. Um\u011bl\u00e1 inteligence m\u00e1 na s\u00edti men\u0161\u00ed prostor, zato osobn\u00ed p\u0159\u00edsp\u011bvky a vlastn\u00ed zku\u0161enosti boduj\u00ed. Video? St\u00e1le siln\u011bj\u0161\u00ed \u2013 hlavn\u011b kr\u00e1tk\u00e1 a vertik\u00e1ln\u00ed forma. A newslettery? Je jich p\u0159es 184 tis\u00edc a z\u00e1jem o n\u011b d\u00e1l roste.<\/p>\n\n\n\n<p><a href=\"https:\/\/www.linkedin.com\/pulse\/critical-updates-build-your-brand-linkedin-2025-kait-ledonne-f655c\">https:\/\/www.linkedin.com\/pulse\/critical-updates-build-your-brand-linkedin-2025-kait-ledonne-f655c<\/a><\/p>\n\n\n\n<p>LinkedIn z\u016fst\u00e1v\u00e1 m\u00edstem pro budov\u00e1n\u00ed zna\u010dky, vztah\u016f i inspirace. Tak pro\u010d ho nevyu\u017e\u00edt naplno?<\/p>\n\n\n\n<h2 class=\"wp-block-heading\">PPC<\/h2>\n\n\n\n<h3 class=\"wp-block-heading\">Revoluce v Local Services Ads: Google si brous\u00ed zuby na data inzerent\u016f!<\/h3>\n\n\n\n<p>Google ned\u00e1vno zp\u016fsobil rozruch mezi inzerenty Local Services Ads (LSA) \u2013 a to po\u0159\u00e1dn\u00fd! Spole\u010dnost toti\u017e ohl\u00e1sila aktualizaci podm\u00ednek slu\u017eby, kter\u00e1 j\u00ed d\u00e1v\u00e1 zelenou k tomu, aby si n\u00e1rokovala pr\u00e1vo pou\u017e\u00edvat, upravovat a analyzovat doslova <em>v\u0161echen<\/em> obsah v profilech LSA inzerent\u016f. To zahrnuje i citliv\u00e1 data z telefonn\u00edch hovor\u016f s potenci\u00e1ln\u00edmi z\u00e1kazn\u00edky.&nbsp;&nbsp;<\/p>\n\n\n\n<p>P\u0159edstavte si ten rozsah! Google tak z\u00edsk\u00e1v\u00e1 mo\u017enost pono\u0159it se do detail\u016f o nab\u00edzen\u00fdch slu\u017eb\u00e1ch, cen\u00e1ch, speci\u00e1ln\u00edch nab\u00eddk\u00e1ch a slev\u00e1ch. V praxi to znamen\u00e1, \u017ee gigant z Mountain View m\u016f\u017ee vytvo\u0159it obs\u00e1hlou cenovou mapu pro inzerenty LSA.&nbsp;&nbsp;<\/p>\n\n\n\n<h4 class=\"wp-block-heading\">Jak\u00e9 jsou dopady na inzerenty?<\/h4>\n\n\n\n<p>Zat\u00edmco n\u011bkte\u0159\u00ed inzerenti, kte\u0159\u00ed se d\u0159\u00edve p\u0159\u00edli\u0161 nezab\u00fdvali kvalitou sv\u00fdch lead\u016f, mohli z neofici\u00e1ln\u00edho odposlouch\u00e1v\u00e1n\u00ed hovor\u016f zpo\u010d\u00e1tku t\u011b\u017eit, ti s efektivn\u011bj\u0161\u00edmi kontroln\u00edmi mechanismy nakonec zaplatili v\u00edc. S nov\u00fdmi podm\u00ednkami se ale otev\u00edr\u00e1 cel\u00e1 \u0159ada ot\u00e1zek a obav:&nbsp;&nbsp;<\/p>\n\n\n\n<ul class=\"wp-block-list\">\n<li><strong>Ochrana soukrom\u00ed:<\/strong> Anal\u00fdza hovor\u016f u\u017e nen\u00ed jen o kontrole kvality lead\u016f. Nov\u011b zahrnuje i potenci\u00e1ln\u00ed vytv\u00e1\u0159en\u00ed profil\u016f volaj\u00edc\u00edch, sledov\u00e1n\u00ed jejich chov\u00e1n\u00ed nap\u0159\u00ed\u010d hovory a propojov\u00e1n\u00ed hluboce osobn\u00edch informac\u00ed. To s sebou nese z\u00e1va\u017en\u00e9 etick\u00e9 a pr\u00e1vn\u00ed ot\u00e1zky.\u00a0\u00a0<\/li>\n\n\n\n<li><\/li>\n\n\n\n<li><strong>Vyu\u017eit\u00ed cenov\u00fdch dat:<\/strong> Google pl\u00e1nuje analyzovat i cenov\u00e9 \u00fadaje, co\u017e mu otev\u00edr\u00e1 cestu k vytv\u00e1\u0159en\u00ed cenov\u00fdch model\u016f \u0159\u00edzen\u00fdch um\u011blou inteligenc\u00ed. Teoreticky by tak Google mohl ovliv\u0148ovat strategie nab\u00eddek inzerent\u016f na z\u00e1klad\u011b jejich p\u0159\u00edjm\u016f.\u00a0\u00a0<\/li>\n\n\n\n<li><\/li>\n\n\n\n<li><strong>Pr\u00e1va a kontrola:<\/strong> Vyvst\u00e1vaj\u00ed tak\u00e9 nejasnosti ohledn\u011b toho, zda agentury spravuj\u00edc\u00ed v\u00edce klientsk\u00fdch \u00fa\u010dt\u016f (MCC) mohou p\u0159epsat souhlas jednotliv\u00fdch inzerent\u016f s nov\u00fdmi podm\u00ednkami. A co informovanost samotn\u00fdch klient\u016f o p\u0159ed\u00e1n\u00ed jejich pr\u00e1v na ochranu osobn\u00edch \u00fadaj\u016f?\u00a0\u00a0<\/li>\n<\/ul>\n\n\n\n<h4 class=\"wp-block-heading\">\u010cas se kr\u00e1t\u00ed: P\u0159ijm\u011bte, nebo&#8230;<\/h4>\n\n\n\n<p>Inzerenti maj\u00ed \u010das do 5. \u010dervna na to, aby se k nov\u00fdm podm\u00ednk\u00e1m proaktivn\u011b p\u0159ihl\u00e1sili. V opa\u010dn\u00e9m p\u0159\u00edpad\u011b se jejich reklamy p\u0159estanou zobrazovat. Agentury mohou tyto podm\u00ednky p\u0159ijmout jm\u00e9nem sv\u00fdch klient\u016f, nicm\u00e9n\u011b kontrola nad t\u00edm, zda o tom klienti budou informov\u00e1ni, je mimo dosah Googlu.&nbsp;&nbsp;<\/p>\n\n\n\n<p>Aktualizovan\u00e9 podm\u00ednky tak vyvol\u00e1vaj\u00ed zna\u010dn\u00e9 obavy t\u00fdkaj\u00edc\u00ed se soukrom\u00ed, pr\u00e1vn\u00edch p\u0159edpis\u016f a dohledu.&nbsp;&nbsp;<\/p>\n\n\n\n<h3 class=\"wp-block-heading\">Google Ads p\u0159in\u00e1\u0161\u00ed revolu\u010dn\u00ed &#8222;stromov\u00e9&#8220; zobrazen\u00ed report\u016f<\/h3>\n\n\n\n<p>Google Ads p\u0159ich\u00e1z\u00ed s novinkou, kter\u00e1 slibuje zjednodu\u0161it anal\u00fdzu slo\u017eit\u00fdch dat \u2013 stromov\u00e9 tabulkov\u00e9 zobrazen\u00ed. Tato funkce transformuje tradi\u010dn\u00ed ploch\u00e9 datov\u00e9 tabulky do hierarchick\u00e9ho uspo\u0159\u00e1d\u00e1n\u00ed, kde jsou dimenze vizu\u00e1ln\u011b naskl\u00e1dan\u00e9 a vno\u0159en\u00e9. D\u00edky tomu u\u017eivatel\u00e9 z\u00edskaj\u00ed mnohem jasn\u011bj\u0161\u00ed p\u0159ehled o vztaz\u00edch mezi jednotliv\u00fdmi datov\u00fdmi body.&nbsp;&nbsp;<\/p>\n\n\n\n<h4 class=\"wp-block-heading\">V \u010dem spo\u010d\u00edvaj\u00ed v\u00fdhody?<\/h4>\n\n\n\n<ul class=\"wp-block-list\">\n<li><strong>Organizovan\u00e1 hierarchie:<\/strong> Stromov\u00e1 tabulka umo\u017e\u0148uje p\u0159ehledn\u011bj\u0161\u00ed vizualizaci v\u00edce\u00farov\u0148ov\u00fdch dimenz\u00ed.\u00a0\u00a0<\/li>\n\n\n\n<li><\/li>\n\n\n\n<li><strong>Vylep\u0161en\u00e1 navigace:<\/strong> U\u017eivatel\u00e9 mohou rychleji vyhled\u00e1vat informace nap\u0159\u00ed\u010d vno\u0159en\u00fdmi segmenty.\u00a0\u00a0<\/li>\n\n\n\n<li><\/li>\n\n\n\n<li><strong>Vylep\u0161en\u00e1 struktura:<\/strong> Nov\u00e9 zobrazen\u00ed nab\u00edz\u00ed lep\u0161\u00ed organizaci pro komplexn\u00ed rozd\u011blen\u00ed v\u00fdkonu kampan\u00ed.\u00a0\u00a0<\/li>\n\n\n\n<li><\/li>\n<\/ul>\n\n\n\n<h4 class=\"wp-block-heading\">Praktick\u00fd p\u0159\u00edklad:<\/h4>\n\n\n\n<p>U\u017eivatel\u00e9 si nyn\u00ed mohou snadno zobrazit vztahy, jako nap\u0159\u00edklad: Kampa\u0148 -&gt; Stav kampan\u011b: Aktivov\u00e1no -&gt; Stav reklamn\u00ed sestavy: Aktivov\u00e1no -&gt; Typ kampan\u011b: Vyhled\u00e1v\u00e1n\u00ed -&gt; Podtyp: V\u0161echny funkce.&nbsp;&nbsp;<\/p>\n\n\n\n<p>Tato aktualizace reportingu p\u0159edstavuje v\u00fdznamn\u00fd krok vp\u0159ed pro inzerenty, kte\u0159\u00ed pot\u0159ebuj\u00ed efektivn\u011b analyzovat slo\u017eit\u00e9 kampan\u011b s mnoha dimenzemi a segmenty.&nbsp;&nbsp;<\/p>\n\n\n\n<h4 class=\"wp-block-heading\">Jak na to?<\/h4>\n\n\n\n<p>Nov\u00e9 zobrazen\u00ed je dostupn\u00e9 v sekci P\u0159ehledy, kde si u\u017eivatel\u00e9 mohou vygenerovat report a p\u0159epnout zobrazen\u00ed tabulky na &#8222;Zobrazen\u00ed tabulky stromu&#8220;.&nbsp;&nbsp;<\/p>\n\n\n\n<h3 class=\"wp-block-heading\">Google Ads roz\u0161i\u0159uje mo\u017enosti zobrazov\u00e1n\u00ed reklam ve vyhled\u00e1v\u00e1n\u00ed<\/h3>\n\n\n\n<p>Google Ads testuje dal\u0161\u00ed zm\u011bnu v zobrazov\u00e1n\u00ed reklam ve vyhled\u00e1v\u00e1n\u00ed. Nov\u011b umo\u017en\u00ed inzerent\u016fm \u00fa\u010dastnit se aukce i na spodn\u00edch pozic\u00edch, a to i v p\u0159\u00edpad\u011b, \u017ee se ji\u017e zobrazuj\u00ed na horn\u00edch pozic\u00edch.&nbsp;&nbsp;<\/p>\n\n\n\n<p>Je d\u016fle\u017eit\u00e9 p\u0159ipomenout, \u017ee definice &#8222;nejlep\u0161\u00edch reklam&#8220; se zm\u011bnila zhruba p\u0159ed rokem, kdy Google za\u010dal kombinovat reklamy na r\u016fzn\u00fdch organick\u00fdch pozic\u00edch ve v\u00fdsledc\u00edch vyhled\u00e1v\u00e1n\u00ed.&nbsp;&nbsp;<\/p>\n\n\n\n<p>Google tak\u00e9 zd\u016fraz\u0148uje, \u017ee tato zm\u011bna nen\u00ed v rozporu se z\u00e1sadami pro nekal\u00e9 reklamy (tj. dvojit\u00e9 zobrazov\u00e1n\u00ed). V t\u00e9to souvislosti stoj\u00ed za zm\u00ednku, \u017ee Google loni v b\u0159eznu aktualizoval sv\u00e9 z\u00e1sady a p\u0159idal v\u00fdjimku pro zobrazen\u00ed reklamy &#8222;na jednom m\u00edst\u011b reklamy&#8220;, \u010d\u00edm\u017e reagoval na d\u0159\u00edv\u011bj\u0161\u00ed kritiku t\u00fdkaj\u00edc\u00ed se dvojit\u00e9ho zobrazov\u00e1n\u00ed.&nbsp;&nbsp;<\/p>\n\n\n\n<h4 class=\"wp-block-heading\">Co to znamen\u00e1 pro inzerenty?<\/h4>\n\n\n\n<p>Google v posledn\u00edch letech aktivn\u011b testuje r\u016fzn\u00e9 zm\u011bny v pozic\u00edch reklam ve v\u00fdsledc\u00edch vyhled\u00e1v\u00e1n\u00ed. S nejnov\u011bj\u0161\u00edmi v\u00fdsledky je z\u0159ejm\u011b spokojen, a proto pokra\u010duje v povolov\u00e1n\u00ed zobrazov\u00e1n\u00ed stejn\u00e9 nebo podobn\u00e9 reklamy od stejn\u00e9ho inzerenta na v\u00edce m\u00edstech ve v\u00fdsledc\u00edch vyhled\u00e1v\u00e1n\u00ed.&nbsp;&nbsp;<\/p>\n\n\n\n<h2 class=\"wp-block-heading\">AI<\/h2>\n\n\n\n<h3 class=\"wp-block-heading\">Kdy\u017e AI mluv\u00ed, tvo\u0159\u00ed, u\u010d\u00ed i (trochu) zlob\u00ed\u2026<\/h3>\n\n\n\n<p>Duben byl pro sv\u011bt um\u011bl\u00e9 inteligence po\u0159\u00e1dn\u00e1 j\u00edzda. Od digit\u00e1ln\u00ed revoluce v jazykov\u00fdch aplikac\u00edch, p\u0159es z\u00e1kony br\u00e1n\u00edc\u00ed deepfake \u00fatok\u016fm, a\u017e po v\u011bdeck\u00e9 \u010dl\u00e1nky psan\u00e9 roboty nebo hlas Stephena Frye \u0159\u00edzen\u00fd algoritmem. Pokud jste si mysleli, \u017ee AI u\u017e v\u00e1s ni\u010d\u00edm nep\u0159ekvap\u00ed, duben v\u00e1s rychle vyvede z omylu. P\u0159in\u00e1\u0161\u00edme p\u011bt nejz\u00e1sadn\u011bj\u0161\u00edch moment\u016f, kter\u00e9 v\u00e1s mo\u017en\u00e1 donut\u00ed p\u0159ehodnotit, co v\u0161echno (ne)zvl\u00e1dne lidsk\u00e1 ruka\u2026 nebo sp\u00ed\u0161 k\u00f3d.<\/p>\n\n\n\n<h3 class=\"wp-block-heading\">Duolingo p\u0159ech\u00e1z\u00ed na AI-first model a nahrazuje lidsk\u00e9 tv\u016frce obsahu<\/h3>\n\n\n\n<p>Popul\u00e1rn\u00ed jazykov\u00e1 aplikace Duolingo ozn\u00e1mila, \u017ee p\u0159ech\u00e1z\u00ed na strategii \u201eAI-first\u201c, co\u017e znamen\u00e1, \u017ee postupn\u011b nahrad\u00ed extern\u00ed tv\u016frce obsahu um\u011blou inteligenc\u00ed. Generativn\u00ed AI bude vytv\u00e1\u0159et v\u00fdukov\u00e9 materi\u00e1ly, hodnotit v\u00fdkony u\u017eivatel\u016f a dokonce se pod\u00edlet na n\u00e1boru zam\u011bstnanc\u016f. CEO Luis von Ahn p\u0159irovnal tento krok k rozhodnut\u00ed z roku 2012 zam\u011b\u0159it se na mobiln\u00ed platformy. Nov\u00fd p\u0159\u00edstup m\u00e1 zv\u00fd\u0161it \u0161k\u00e1lovatelnost a efektivitu aplikace, kter\u00e1 o\u010dek\u00e1v\u00e1 tr\u017eby mezi 962,5 a 978,5 miliony dolar\u016f, \u010d\u00edm\u017e p\u0159ekon\u00e1v\u00e1 odhady Wall Street.<\/p>\n\n\n\n<p>Zdroj: <a href=\"https:\/\/www.thetimes.co.uk\/article\/duolingo-to-replace-contract-workers-in-shift-to-ai-first-model-tnkpk877v?utm_source=chatgpt.com\">https:\/\/www.thetimes.co.uk\/article\/duolingo-to-replace-contract-workers-in-shift-to-ai-first-model-tnkpk877v?utm_source=chatgpt.com<\/a><\/p>\n\n\n\n<h3 class=\"wp-block-heading\">Meta spou\u0161t\u00ed Meta AI \u2013 konkurenci pro ChatGPT<\/h3>\n\n\n\n<p>Mark Zuckerberg p\u0159edstavil Meta AI, nov\u00e9ho virtu\u00e1ln\u00edho asistenta poh\u00e1n\u011bn\u00e9ho modelem Llama 4. Tento asistent je integrov\u00e1n do platforem jako WhatsApp, Instagram, Facebook a Messenger a nab\u00edz\u00ed personalizovan\u00e9 odpov\u011bdi na z\u00e1klad\u011b aktivit u\u017eivatel\u016f. Meta AI ji\u017e vyu\u017e\u00edv\u00e1 p\u0159ibli\u017en\u011b 700 milion\u016f u\u017eivatel\u016f m\u011bs\u00ed\u010dn\u011b, p\u0159i\u010dem\u017e Zuckerberg o\u010dek\u00e1v\u00e1, \u017ee do konce roku p\u0159ekro\u010d\u00ed miliardu. Pl\u00e1nuje se tak\u00e9 zaveden\u00ed placen\u00e9ho p\u0159edplatn\u00e9ho s pokro\u010dil\u00fdmi funkcemi. Nicm\u00e9n\u011b, asistent \u010del\u00ed kontroverz\u00edm kv\u016fli nevhodn\u00e9mu chov\u00e1n\u00ed, v\u010detn\u011b sexu\u00e1ln\u011b explicitn\u00edch interakc\u00ed s nezletil\u00fdmi, co\u017e vyvol\u00e1v\u00e1 obavy ohledn\u011b bezpe\u010dnosti a moderace obsahu.<\/p>\n\n\n\n<p>Zdroj: <a href=\"https:\/\/www.thescottishsun.co.uk\/tech\/14717845\/zuckerberg-launches-meta-ai-app\/?utm_source=chatgpt.com\">https:\/\/www.thescottishsun.co.uk\/tech\/14717845\/zuckerberg-launches-meta-ai-app\/?utm_source=chatgpt.com<\/a><\/p>\n\n\n\n<h3 class=\"wp-block-heading\">USA p\u0159ij\u00edmaj\u00ed z\u00e1kon proti deepfake pornografii<\/h3>\n\n\n\n<p>Americk\u00fd Kongres schv\u00e1lil z\u00e1kon \u201eTake It Down Act\u201c, kter\u00fd kriminalizuje nevy\u017e\u00e1danou deepfake pornografii. Z\u00e1kon vy\u017eaduje, aby soci\u00e1ln\u00ed s\u00edt\u011b odstranily takov\u00fd obsah do 48 hodin od nahl\u00e1\u0161en\u00ed. Iniciativa z\u00edskala \u0161irokou podporu nap\u0159\u00ed\u010d politick\u00fdm spektrem a byla inspirov\u00e1na p\u0159\u00edb\u011bhy ob\u011bt\u00ed, jako jsou Elliston Berry a Francesca Mani. Technologick\u00e9 spole\u010dnosti jako Meta a Snapchat z\u00e1kon podpo\u0159ily, zat\u00edmco n\u011bkter\u00e9 skupiny pro ob\u010dansk\u00e9 svobody vyj\u00e1d\u0159ily obavy z mo\u017en\u00e9ho zneu\u017eit\u00ed a omezen\u00ed svobody projevu.<\/p>\n\n\n\n<p>Zdroj: <a href=\"https:\/\/time.com\/7277746\/ai-deepfakes-take-it-down-act-2025\/?utm_source=chatgpt.com\">https:\/\/time.com\/7277746\/ai-deepfakes-take-it-down-act-2025\/?utm_source=chatgpt.com<\/a><\/p>\n\n\n\n<h3 class=\"wp-block-heading\">AI v\u011bdec-v2: Um\u011bl\u00e1 inteligence p\u00ed\u0161e a publikuje v\u011bdeck\u00e9 \u010dl\u00e1nky<\/h3>\n\n\n\n<p>Nov\u00fd syst\u00e9m \u201eAI Scientist-v2\u201c dok\u00e1zal bez lidsk\u00e9ho z\u00e1sahu vytvo\u0159it v\u011bdeck\u00fd \u010dl\u00e1nek, kter\u00fd byl p\u0159ijat na workshopu konference ICLR. Tento agentick\u00fd syst\u00e9m autonomn\u011b generuje hypot\u00e9zy, navrhuje a prov\u00e1d\u00ed experimenty, analyzuje data a p\u00ed\u0161e odborn\u00e9 texty. Jedn\u00e1 se o v\u00fdznamn\u00fd krok sm\u011brem k automatizaci v\u011bdeck\u00e9ho v\u00fdzkumu, kter\u00fd by mohl z\u00e1sadn\u011b zm\u011bnit zp\u016fsob, jak\u00fdm vznikaj\u00ed nov\u00e9 poznatky.<\/p>\n\n\n\n<p>Zdroj: <a href=\"https:\/\/arxiv.org\/abs\/2504.08066?utm_source=chatgpt.com\">https:\/\/arxiv.org\/abs\/2504.08066?utm_source=chatgpt.com<\/a><\/p>\n\n\n\n<h3 class=\"wp-block-heading\">Stephen Fry prop\u016fj\u010duje sv\u016fj hlas AI instalaci na Hay Festivalu<\/h3>\n\n\n\n<p>Britsk\u00fd herec a spisovatel Stephen Fry poskytl sv\u016fj hlas pro interaktivn\u00ed instalaci \u201eVocalize\u201c na Hay Festivalu. N\u00e1v\u0161t\u011bvn\u00edci si mohou vyzkou\u0161et nahr\u00e1v\u00e1n\u00ed vlastn\u00edho hlasov\u00e9ho dema pod veden\u00edm AI verze Frye. Projekt m\u00e1 za c\u00edl upozornit na etick\u00e9 ot\u00e1zky spojen\u00e9 s vyu\u017e\u00edv\u00e1n\u00edm AI v oblasti hlasu a identity. Fry, kter\u00fd ji\u017e d\u0159\u00edve vyj\u00e1d\u0159il obavy z neautorizovan\u00e9ho pou\u017eit\u00ed sv\u00e9ho hlasu, douf\u00e1, \u017ee instalace podn\u00edt\u00ed ve\u0159ejnou diskusi o dopadech AI na spole\u010dnost.<\/p>\n\n\n\n<p>Zdroj: <a href=\"https:\/\/www.theguardian.com\/books\/2025\/apr\/24\/stephen-fry-vocal-double-to-be-used-in-ai-installation-at-hay-festival?utm_source=chatgpt.com\">https:\/\/www.theguardian.com\/books\/2025\/apr\/24\/stephen-fry-vocal-double-to-be-used-in-ai-installation-at-hay-festival?utm_source=chatgpt.com<\/a><\/p>\n\n\n\n<h3 class=\"wp-block-heading\">AI jede naplno a my s n\u00ed \u2013 a\u0165 chceme, nebo ne.<\/h3>\n\n\n\n<p>Z dubnov\u00fdch ud\u00e1lost\u00ed je jasn\u00e9, \u017ee um\u011bl\u00e1 inteligence u\u017e nen\u00ed jen cool hra\u010dka pro aj\u0165\u00e1ky. St\u00e1v\u00e1 se mocn\u00fdm n\u00e1strojem, kter\u00fd formuje z\u00e1kony, kreativitu, vzd\u011bl\u00e1v\u00e1n\u00ed i ka\u017edodenn\u00ed komunikaci. A p\u0159esto\u017ee um\u00ed ohromit i pobavit, st\u00e1le siln\u011bji se p\u0159ipom\u00edn\u00e1 ot\u00e1zka: kdo dr\u017e\u00ed oprat\u011b? V\u00fdvoj nezastav\u00edme, ale m\u016f\u017eeme (a mus\u00edme) ur\u010dovat jeho sm\u011br. Tak sledujme bedliv\u011b, co n\u00e1m AI p\u0159inese p\u0159\u00ed\u0161t\u011b \u2013 duben rozhodn\u011b nebyl posledn\u00edm p\u0159ekvapen\u00edm.<\/p>\n\n\n\n<h2 class=\"wp-block-heading\">Webov\u00e9 str\u00e1nky<\/h2>\n\n\n\n<p>Poj\u010fme se pod\u00edvat na to, co se d\u011blo ve sv\u011bt\u011b web\u016f v leto\u0161n\u00edm dubnu.&nbsp;<\/p>\n\n\n\n<h3 class=\"wp-block-heading\">Zm\u011bny v GDPR: Uta\u017een\u00e1 smy\u010dka se mo\u017en\u00e1 povol\u00ed<\/h3>\n\n\n\n<p>GDPR (General Data Protection Regulation, \u010desky Obecn\u00e9 na\u0159\u00edzen\u00ed o ochran\u011b osobn\u00edch \u00fadaj\u016f) je nekone\u010dn\u00e9 t\u00e9ma, kter\u00e9 se n\u00e1s v\u0161echny pron\u00e1sleduje v\u0161ude a neust\u00e1le. Pravidla pro zpracov\u00e1n\u00ed osobn\u00edch \u00fadaj\u016f jsou celkem p\u0159\u00edsn\u011b uta\u017eenou smy\u010dkou, kter\u00e1 mnohdy a\u017e komplikuje fungov\u00e1n\u00ed men\u0161\u00edch podnik\u016f. Na\u0161t\u011bst\u00ed jsme dosp\u011bli do bodu, kdy se po sedmi letech EU rozhodla p\u0159istoupit k revizi tohoto na\u0159\u00edzen\u00ed. Vypad\u00e1 to, \u017ee si uv\u011bdomuj\u00ed, \u017ee je tady pot\u0159eba zjednodu\u0161it byrokracii.<\/p>\n\n\n\n<p>Aktu\u00e1ln\u011b mus\u00ed firmy splnit mnoho p\u0159\u00edsn\u00fdch pravidel, t\u0159eba v\u00e9st z\u00e1znamy o zpracov\u00e1n\u00ed osobn\u00edch \u00fadaj\u016f, co\u017e je pro mal\u00e9 a st\u0159edn\u00ed podniky n\u00e1ro\u010dn\u00e9. Nov\u00e9 \u00fapravy by mohly zjednodu\u0161it tyto administrativn\u00ed povinnosti. Nap\u0159\u00edklad mal\u00e9 obchody, kter\u00e9 sb\u00edraj\u00ed data o z\u00e1kazn\u00edc\u00edch, u\u017e nebudou muset d\u011blat tolik detailn\u00edch z\u00e1znam\u016f o ka\u017ed\u00e9 aktivit\u011b s daty.<\/p>\n\n\n\n<p>C\u00edlem t\u011bchto zm\u011bn je tak\u00e9 zv\u00fd\u0161it konkurenceschopnost evropsk\u00fdch firem, zejm\u00e9na v\u016f\u010di velk\u00fdm americk\u00fdm a \u010d\u00ednsk\u00fdm spole\u010dnostem. Kritici zd\u016fraz\u0148uj\u00ed fakt, \u017ee pokud budou zm\u011bny p\u0159\u00edli\u0161 benevolentn\u00ed, mohou se ztratit z\u00e1sady ochrany soukrom\u00ed. Firmy, jako Google nebo Facebook, by mohly z\u00edskat v\u011bt\u0161\u00ed vliv na pravidla a uleh\u010dit si dodr\u017eov\u00e1n\u00ed GDPR. Jsme ale uji\u0161\u0165ov\u00e1ni, \u017ee nov\u00e9 \u00fapravy budou i nad\u00e1le chr\u00e1nit na\u0161e data.<\/p>\n\n\n\n<p>V kv\u011btnu bude problematika projedn\u00e1na a tady v novink\u00e1ch se tomuto t\u00e9matu je\u0161t\u011b pov\u011bnujeme.<\/p>\n\n\n\n<h3 class=\"wp-block-heading\">Meta description: Text, kter\u00fd rozhoduje, jestli na v\u00e1s lid\u00e9 kliknou<\/h3>\n\n\n\n<p>Existuje jeden d\u016fle\u017eit\u00fd prvek, kter\u00fd rozhoduje o tom, jestli v\u00e1s na webu lid\u00e9 v\u016fbec nav\u0161t\u00edv\u00ed \u2013 meta description. Ur\u010dit\u011b jste se s n\u00edm sami setkali, ani\u017e byste tu\u0161ili, co se pod on\u00edm n\u00e1zvem skr\u00fdv\u00e1. Meta description je kr\u00e1tk\u00fd popis, kter\u00fd vyhled\u00e1va\u010d zobraz\u00ed ve v\u00fdsledc\u00edch hled\u00e1n\u00ed pod n\u00e1zvem str\u00e1nky. Slou\u017e\u00ed jako \u201ereklamn\u00ed slogan\u201c \u2013 m\u00e1 v p\u00e1r v\u011bt\u00e1ch vysv\u011btlit, o \u010dem str\u00e1nka je, a p\u0159esv\u011bd\u010dit u\u017eivatele, \u017ee pr\u00e1v\u011b v\u00e1\u0161 web nab\u00edz\u00ed odpov\u011bdi na to, co hledaj\u00ed.<\/p>\n\n\n\n<h4 class=\"wp-block-heading\">Pro\u010d na n\u011bm z\u00e1le\u017e\u00ed?<\/h4>\n\n\n\n<p>Zvy\u0161uje \u0161anci na proklik \u2013 pokud je text zaj\u00edmav\u00fd a relevantn\u00ed, v\u00edc lid\u00ed klikne pr\u00e1v\u011b na v\u00e1s.<\/p>\n\n\n\n<p>Ovliv\u0148uje prvn\u00ed dojem \u2013 text je to prvn\u00ed, co lid\u00e9 uvid\u00ed, je\u0161t\u011b ne\u017e na\u010dtou va\u0161i str\u00e1nku.<\/p>\n\n\n\n<p>Pom\u00e1h\u00e1 soci\u00e1ln\u00edm s\u00edt\u00edm \u2013 p\u0159i sd\u00edlen\u00ed odkazu t\u0159eba na Facebooku nebo X (d\u0159\u00edve Twitter) se \u010dasto pr\u00e1v\u011b meta description pou\u017eije jako popis p\u0159\u00edsp\u011bvku.<\/p>\n\n\n\n<h4 class=\"wp-block-heading\">Open Graph: meta zna\u010dky pro soci\u00e1ln\u00ed s\u00edt\u011b<\/h4>\n\n\n\n<p>Tak\u00e9 soci\u00e1ln\u00ed s\u00edt\u011b pou\u017e\u00edvaj\u00ed tzv. Open Graph data. Pokud je nem\u00e1te speci\u00e1ln\u011b nastaven\u00e9, v\u011bt\u0161ina platforem automaticky vezme pr\u00e1v\u011b meta description z va\u0161\u00ed str\u00e1nky. Zkou\u0161eli jste n\u011bkdy sd\u00edlet sv\u016fj web na Facebooku? To, jak se odkaz na soci\u00e1ln\u00ed s\u00edt\u00ed zobraz\u00ed, zaji\u0161\u0165uj\u00ed pr\u00e1v\u011b OG meta tagy.<\/p>\n\n\n\n<h4 class=\"wp-block-heading\">Jak ho napsat?<\/h4>\n\n\n\n<p>Bu\u010fte stru\u010dn\u00ed, jasn\u00ed a poutav\u00ed.<\/p>\n\n\n\n<p>Zahr\u0148te kl\u00ed\u010dov\u00e9 slovo, ale p\u0159irozen\u011b.<\/p>\n\n\n\n<p>P\u0159idejte v\u00fdzvu k akci \u2013 nap\u0159. \u201eZjist\u011bte, jak&#8230;\u201c nebo \u201eObjevte v\u00fdhody\u2026\u201c<\/p>\n\n\n\n<p>A pokud m\u00e1te web od n\u00e1s, meta popisek jsme V\u00e1m jist\u011b p\u0159ipravili slightly smiling face .<\/p>\n\n\n\n<h4 class=\"wp-block-heading\">Zkuste si ud\u011blat mal\u00fd test:<\/h4>\n\n\n\n<p>Napi\u0161te si do Googlu n\u00e1zev sv\u00e9ho webu nebo konkr\u00e9tn\u00ed str\u00e1nku.<\/p>\n\n\n\n<p>Pod\u00edvejte se na popisek, kter\u00fd se tam uk\u00e1\u017ee.<\/p>\n\n\n\n<p>Je jasn\u00fd? Kr\u00e1tk\u00fd? Nal\u00e1kal by v\u00e1s ke kliknut\u00ed? A odpov\u00edd\u00e1 tomu, co na str\u00e1nce opravdu je?<\/p>\n\n\n\n<p>Zkuste tot\u00e9\u017e pro sd\u00edlen\u00ed va\u0161\u00ed webov\u00e9 str\u00e1nky na soci\u00e1ln\u00ed s\u00edti.<\/p>\n\n\n\n<p>Pokud popisek nen\u00ed to prav\u00e9 o\u0159echov\u00e9, je \u010das ho p\u0159epsat. A s t\u00edm se m\u016f\u017eete obr\u00e1tit i na n\u00e1s.<\/p>\n\n\n\n<p><strong>Zdroje: <\/strong><\/p>\n\n\n\n<p><a href=\"https:\/\/www.idnes.cz\/nastaveni-souhlasu?url=https%3a%2f%2fwww.idnes.cz%2fekonomika%2fzahranicni%2fgdpr-obecne-narizeni-o-ochrane-dat-jourova-gregorova.A250419_145306_eko-zahranicni_berr\">EU p\u0159izn\u00e1v\u00e1 p\u0159\u00edli\u0161 byrokracie. Zm\u011bny se maj\u00ed t\u00fdkat i GDPR, co\u017e nahr\u00e1v\u00e1 lobbist\u016fm\u00a0<\/a><\/p>\n\n\n\n<p><a href=\"https:\/\/www.echo24.cz\/a\/HX4LY\/zpravy-svet-eu-plany-zmeny-soukromi-gdpr\">https:\/\/www.echo24.cz\/a\/HX4LY\/zpravy-svet-eu-plany-zmeny-soukromi-gdpr<\/a><\/p>\n\n\n\n<p><a href=\"https:\/\/www.mioweb.cz\/slovnicek\/meta-description\">https:\/\/www.mioweb.cz\/slovnicek\/meta-description<\/a><\/p>\n\n\n\n<p><a href=\"https:\/\/moz.com\/learn\/seo\/meta-description\">What Are Meta Descriptions And How to Write Them [Free Tools Inside]&nbsp;<\/a><\/p>\n\n\n\n<p><a href=\"https:\/\/www.semrush.com\/blog\/open-graph\/\">Open Graph Meta Tags: How to Boost Social Media Engagement<\/a><\/p>\n\n\n\n<div class=\"wp-block-group alignfull has-text-color has-background is-layout-flow wp-block-group-is-layout-flow\" style=\"color:#000000;background-color:#ffffff\">\n<pre class=\"wp-block-verse\" style=\"padding-right:var(--wp--preset--spacing--60);padding-left:var(--wp--preset--spacing--60)\">Dal\u0161\u00ed novinky m\u016f\u017eete \u010d\u00edst : <a href=\"\/blog\/category\/socialni-site-novinky\/\">Soci\u00e1ln\u00ed s\u00edt\u011b novinky<\/a><\/pre>\n\n\n\n<div style=\"height:64px\" aria-hidden=\"true\" class=\"wp-block-spacer\"><\/div>\n\n\n\n<p class=\"has-text-align-center has-ast-global-color-1-color has-text-color has-link-color has-small-font-size wp-elements-3f913a61b97d2fbcd801ef12b72c931c\" style=\"line-height:.9\"><strong><strong>Za\u010dn\u011bte je\u0161t\u011b dnes a transformujte sv\u016fj byznys pomoc\u00ed efektivn\u00edch strategi\u00ed na soci\u00e1ln\u00ed s\u00edt\u011b od Webmium!<\/strong><\/strong><\/p>\n\n\n\n<h2 class=\"wp-block-heading has-text-align-center\" id=\"schedule-a-visit\" style=\"font-size:59px;line-height:1.15\"><strong><strong>Chcete maxim\u00e1ln\u011b vyu\u017e\u00edt soci\u00e1ln\u00ed s\u00edt\u011b?<\/strong><\/strong><\/h2>\n\n\n\n<div class=\"wp-block-buttons is-horizontal is-content-justification-center is-layout-flex wp-container-core-buttons-is-layout-03627597 wp-block-buttons-is-layout-flex\">\n<div class=\"wp-block-button has-custom-width wp-block-button__width-50\"><a class=\"wp-block-button__link has-ast-global-color-0-background-color has-text-color has-background wp-element-button\" href=\"https:\/\/www.webmium.cz\/socialni-site\" style=\"border-radius:50px;color:#ffffff\">Poptat soci\u00e1ln\u00ed s\u00edt\u011b<\/a><\/div>\n<\/div>\n\n\n\n<div style=\"height:64px\" aria-hidden=\"true\" class=\"wp-block-spacer\"><\/div>\n<\/div>\n","protected":false},"excerpt":{"rendered":"<p>Online sv\u011bt nikdy nesp\u00ed \u2013 a my pro v\u00e1s m\u00e1me p\u0159ehled toho nejzaj\u00edmav\u011bj\u0161\u00edho. V na\u0161em pravideln\u00e9m souhrnu se zam\u011b\u0159ujeme na nejnov\u011bj\u0161\u00ed d\u011bn\u00ed v oblasti SEO, PPC, um\u011bl\u00e9 inteligence, soci\u00e1ln\u00edch s\u00edt\u00ed i webov\u00e9ho v\u00fdvoje. Pokud chcete dr\u017eet krok s digit\u00e1ln\u00edm sv\u011btem, tenhle \u010dl\u00e1nek v\u00e1s nezklame.<\/p>\n","protected":false},"author":2,"featured_media":4391,"comment_status":"open","ping_status":"open","sticky":false,"template":"","format":"standard","meta":{"_uag_custom_page_level_css":"","site-sidebar-layout":"default","site-content-layout":"","ast-site-content-layout":"","site-content-style":"default","site-sidebar-style":"default","ast-global-header-display":"","ast-banner-title-visibility":"","ast-main-header-display":"","ast-hfb-above-header-display":"","ast-hfb-below-header-display":"","ast-hfb-mobile-header-display":"","site-post-title":"","ast-breadcrumbs-content":"","ast-featured-img":"","footer-sml-layout":"","theme-transparent-header-meta":"","adv-header-id-meta":"","stick-header-meta":"","header-above-stick-meta":"","header-main-stick-meta":"","header-below-stick-meta":"","astra-migrate-meta-layouts":"default","ast-page-background-enabled":"default","ast-page-background-meta":{"desktop":{"background-color":"var(--ast-global-color-4)","background-image":"","background-repeat":"repeat","background-position":"center center","background-size":"auto","background-attachment":"scroll","background-type":"","background-media":"","overlay-type":"","overlay-color":"","overlay-opacity":"","overlay-gradient":""},"tablet":{"background-color":"","background-image":"","background-repeat":"repeat","background-position":"center center","background-size":"auto","background-attachment":"scroll","background-type":"","background-media":"","overlay-type":"","overlay-color":"","overlay-opacity":"","overlay-gradient":""},"mobile":{"background-color":"","background-image":"","background-repeat":"repeat","background-position":"center center","background-size":"auto","background-attachment":"scroll","background-type":"","background-media":"","overlay-type":"","overlay-color":"","overlay-opacity":"","overlay-gradient":""}},"ast-content-background-meta":{"desktop":{"background-color":"var(--ast-global-color-5)","background-image":"","background-repeat":"repeat","background-position":"center center","background-size":"auto","background-attachment":"scroll","background-type":"","background-media":"","overlay-type":"","overlay-color":"","overlay-opacity":"","overlay-gradient":""},"tablet":{"background-color":"var(--ast-global-color-5)","background-image":"","background-repeat":"repeat","background-position":"center center","background-size":"auto","background-attachment":"scroll","background-type":"","background-media":"","overlay-type":"","overlay-color":"","overlay-opacity":"","overlay-gradient":""},"mobile":{"background-color":"var(--ast-global-color-5)","background-image":"","background-repeat":"repeat","background-position":"center center","background-size":"auto","background-attachment":"scroll","background-type":"","background-media":"","overlay-type":"","overlay-color":"","overlay-opacity":"","overlay-gradient":""}},"footnotes":""},"categories":[4],"tags":[],"class_list":["post-4390","post","type-post","status-publish","format-standard","has-post-thumbnail","hentry","category-webmium-novinky"],"yoast_head":"<!-- This site is optimized with the Yoast SEO plugin v27.5 - https:\/\/yoast.com\/product\/yoast-seo-wordpress\/ -->\n<title>Novinky z onlajnu duben 2025 - Blog Webmium.cz<\/title>\n<meta name=\"description\" content=\"Sledujte nejnov\u011bj\u0161\u00ed trendy ze sv\u011bta SEO, PPC, AI, soci\u00e1ln\u00edch s\u00edt\u00ed a webu v na\u0161em pravideln\u00e9m p\u0159ehledu online novinek, tentokr\u00e1t z dubna 2025\" \/>\n<meta name=\"robots\" content=\"index, follow, max-snippet:-1, max-image-preview:large, max-video-preview:-1\" \/>\n<link rel=\"canonical\" href=\"https:\/\/www.webmium.cz\/blog\/novinky-z-onlajnu-duben-2025\/\" \/>\n<meta property=\"og:locale\" content=\"cs_CZ\" \/>\n<meta property=\"og:type\" content=\"article\" \/>\n<meta property=\"og:title\" content=\"Novinky z onlajnu duben 2025 - Blog Webmium.cz\" \/>\n<meta property=\"og:description\" content=\"Sledujte nejnov\u011bj\u0161\u00ed trendy ze sv\u011bta SEO, PPC, AI, soci\u00e1ln\u00edch s\u00edt\u00ed a webu v na\u0161em pravideln\u00e9m p\u0159ehledu online novinek, tentokr\u00e1t z dubna 2025\" \/>\n<meta property=\"og:url\" content=\"https:\/\/www.webmium.cz\/blog\/novinky-z-onlajnu-duben-2025\/\" \/>\n<meta property=\"og:site_name\" content=\"Blog Webmium.cz\" \/>\n<meta property=\"article:published_time\" content=\"2025-05-09T10:57:38+00:00\" \/>\n<meta property=\"article:modified_time\" content=\"2025-05-09T11:15:53+00:00\" \/>\n<meta property=\"og:image\" content=\"https:\/\/www.webmium.cz\/blog\/wp-content\/uploads\/2025\/05\/Novinky-z-onlajnu-duben-2025-socky.jpg\" \/>\n\t<meta property=\"og:image:width\" content=\"1200\" \/>\n\t<meta property=\"og:image:height\" content=\"628\" \/>\n\t<meta property=\"og:image:type\" content=\"image\/jpeg\" \/>\n<meta name=\"author\" content=\"Tom\u00e1\u0161 Ma\u0148hal,&nbsp;Iva Vl\u00e1\u010dilov\u00e1,&nbsp;David Mart\u00ednek,&nbsp;Linda V\u00e1lkov\u00e1,&nbsp;Anna L\u00edmov\u00e1&nbsp;a&nbsp;Ondra Sosna\" \/>\n<meta name=\"twitter:card\" content=\"summary_large_image\" \/>\n<meta name=\"twitter:label1\" content=\"Napsal(a)\" \/>\n\t<meta name=\"twitter:data1\" content=\"Tom\u00e1\u0161 Ma\u0148hal,&nbsp;Iva Vl\u00e1\u010dilov\u00e1,&nbsp;David Mart\u00ednek,&nbsp;Linda V\u00e1lkov\u00e1,&nbsp;Anna L\u00edmov\u00e1&nbsp;a&nbsp;Ondra Sosna\" \/>\n\t<meta name=\"twitter:label2\" content=\"Odhadovan\u00e1 doba \u010dten\u00ed\" \/>\n\t<meta name=\"twitter:data2\" content=\"37 minut\" \/>\n<script type=\"application\/ld+json\" class=\"yoast-schema-graph\">{\"@context\":\"https:\\\/\\\/schema.org\",\"@graph\":[{\"@type\":\"Article\",\"@id\":\"https:\\\/\\\/www.webmium.cz\\\/blog\\\/novinky-z-onlajnu-duben-2025\\\/#article\",\"isPartOf\":{\"@id\":\"https:\\\/\\\/www.webmium.cz\\\/blog\\\/novinky-z-onlajnu-duben-2025\\\/\"},\"author\":{\"name\":\"Tom\u00e1\u0161 Ma\u0148hal,&nbsp;Iva Vl\u00e1\u010dilov\u00e1,&nbsp;David Mart\u00ednek,&nbsp;Linda V\u00e1lkov\u00e1,&nbsp;Anna L\u00edmov\u00e1&nbsp;a&nbsp;Ondra Sosna\",\"@id\":\"https:\\\/\\\/www.webmium.cz\\\/blog\\\/#\\\/schema\\\/person\\\/1906d1a2a04623ef9db84e9dd14cdded\"},\"headline\":\"Novinky z onlajnu duben 2025\",\"datePublished\":\"2025-05-09T10:57:38+00:00\",\"dateModified\":\"2025-05-09T11:15:53+00:00\",\"mainEntityOfPage\":{\"@id\":\"https:\\\/\\\/www.webmium.cz\\\/blog\\\/novinky-z-onlajnu-duben-2025\\\/\"},\"wordCount\":4789,\"commentCount\":0,\"publisher\":{\"@id\":\"https:\\\/\\\/www.webmium.cz\\\/blog\\\/#organization\"},\"image\":{\"@id\":\"https:\\\/\\\/www.webmium.cz\\\/blog\\\/novinky-z-onlajnu-duben-2025\\\/#primaryimage\"},\"thumbnailUrl\":\"https:\\\/\\\/www.webmium.cz\\\/blog\\\/wp-content\\\/uploads\\\/2025\\\/05\\\/Novinky-z-onlajnu-duben-2025-blog.jpg\",\"articleSection\":[\"webmium-novinky\"],\"inLanguage\":\"cs\",\"potentialAction\":[{\"@type\":\"CommentAction\",\"name\":\"Comment\",\"target\":[\"https:\\\/\\\/www.webmium.cz\\\/blog\\\/novinky-z-onlajnu-duben-2025\\\/#respond\"]}]},{\"@type\":\"WebPage\",\"@id\":\"https:\\\/\\\/www.webmium.cz\\\/blog\\\/novinky-z-onlajnu-duben-2025\\\/\",\"url\":\"https:\\\/\\\/www.webmium.cz\\\/blog\\\/novinky-z-onlajnu-duben-2025\\\/\",\"name\":\"Novinky z onlajnu duben 2025 - Blog Webmium.cz\",\"isPartOf\":{\"@id\":\"https:\\\/\\\/www.webmium.cz\\\/blog\\\/#website\"},\"primaryImageOfPage\":{\"@id\":\"https:\\\/\\\/www.webmium.cz\\\/blog\\\/novinky-z-onlajnu-duben-2025\\\/#primaryimage\"},\"image\":{\"@id\":\"https:\\\/\\\/www.webmium.cz\\\/blog\\\/novinky-z-onlajnu-duben-2025\\\/#primaryimage\"},\"thumbnailUrl\":\"https:\\\/\\\/www.webmium.cz\\\/blog\\\/wp-content\\\/uploads\\\/2025\\\/05\\\/Novinky-z-onlajnu-duben-2025-blog.jpg\",\"datePublished\":\"2025-05-09T10:57:38+00:00\",\"dateModified\":\"2025-05-09T11:15:53+00:00\",\"description\":\"Sledujte nejnov\u011bj\u0161\u00ed trendy ze sv\u011bta SEO, PPC, AI, soci\u00e1ln\u00edch s\u00edt\u00ed a webu v na\u0161em pravideln\u00e9m p\u0159ehledu online novinek, tentokr\u00e1t z dubna 2025\",\"breadcrumb\":{\"@id\":\"https:\\\/\\\/www.webmium.cz\\\/blog\\\/novinky-z-onlajnu-duben-2025\\\/#breadcrumb\"},\"inLanguage\":\"cs\",\"potentialAction\":[{\"@type\":\"ReadAction\",\"target\":[\"https:\\\/\\\/www.webmium.cz\\\/blog\\\/novinky-z-onlajnu-duben-2025\\\/\"]}]},{\"@type\":\"ImageObject\",\"inLanguage\":\"cs\",\"@id\":\"https:\\\/\\\/www.webmium.cz\\\/blog\\\/novinky-z-onlajnu-duben-2025\\\/#primaryimage\",\"url\":\"https:\\\/\\\/www.webmium.cz\\\/blog\\\/wp-content\\\/uploads\\\/2025\\\/05\\\/Novinky-z-onlajnu-duben-2025-blog.jpg\",\"contentUrl\":\"https:\\\/\\\/www.webmium.cz\\\/blog\\\/wp-content\\\/uploads\\\/2025\\\/05\\\/Novinky-z-onlajnu-duben-2025-blog.jpg\",\"width\":600,\"height\":180},{\"@type\":\"BreadcrumbList\",\"@id\":\"https:\\\/\\\/www.webmium.cz\\\/blog\\\/novinky-z-onlajnu-duben-2025\\\/#breadcrumb\",\"itemListElement\":[{\"@type\":\"ListItem\",\"position\":1,\"name\":\"Dom\u016f\",\"item\":\"https:\\\/\\\/www.webmium.cz\\\/blog\\\/\"},{\"@type\":\"ListItem\",\"position\":2,\"name\":\"Novinky z onlajnu duben 2025\"}]},{\"@type\":\"WebSite\",\"@id\":\"https:\\\/\\\/www.webmium.cz\\\/blog\\\/#website\",\"url\":\"https:\\\/\\\/www.webmium.cz\\\/blog\\\/\",\"name\":\"Blog Webmium.cz\",\"description\":\"Marketingov\u00e9 novinky a zpr\u00e1vy\",\"publisher\":{\"@id\":\"https:\\\/\\\/www.webmium.cz\\\/blog\\\/#organization\"},\"potentialAction\":[{\"@type\":\"SearchAction\",\"target\":{\"@type\":\"EntryPoint\",\"urlTemplate\":\"https:\\\/\\\/www.webmium.cz\\\/blog\\\/?s={search_term_string}\"},\"query-input\":{\"@type\":\"PropertyValueSpecification\",\"valueRequired\":true,\"valueName\":\"search_term_string\"}}],\"inLanguage\":\"cs\"},{\"@type\":\"Organization\",\"@id\":\"https:\\\/\\\/www.webmium.cz\\\/blog\\\/#organization\",\"name\":\"Blog Webmium.cz\",\"url\":\"https:\\\/\\\/www.webmium.cz\\\/blog\\\/\",\"logo\":{\"@type\":\"ImageObject\",\"inLanguage\":\"cs\",\"@id\":\"https:\\\/\\\/www.webmium.cz\\\/blog\\\/#\\\/schema\\\/logo\\\/image\\\/\",\"url\":\"https:\\\/\\\/www.webmium.cz\\\/blog\\\/wp-content\\\/uploads\\\/2023\\\/09\\\/webmium-zelene-blog.png\",\"contentUrl\":\"https:\\\/\\\/www.webmium.cz\\\/blog\\\/wp-content\\\/uploads\\\/2023\\\/09\\\/webmium-zelene-blog.png\",\"width\":480,\"height\":49,\"caption\":\"Blog Webmium.cz\"},\"image\":{\"@id\":\"https:\\\/\\\/www.webmium.cz\\\/blog\\\/#\\\/schema\\\/logo\\\/image\\\/\"}},[{\"@type\":[\"Person\"],\"@id\":\"https:\\\/\\\/www.webmium.cz\\\/blog\\\/#\\\/schema\\\/person\\\/1906d1a2a04623ef9db84e9dd14cdded\",\"name\":\"Tom\u00e1\u0161 Ma\u0148hal\",\"image\":{\"@type\":\"ImageObject\",\"@id\":\"https:\\\/\\\/secure.gravatar.com\\\/avatar\\\/6d517548ce186b30e960cee25918c9aa98a48de5ae82da0a8b1d4749b88060b8?s=96&r=g\",\"inLanguage\":\"cs_CZ\",\"url\":\"https:\\\/\\\/secure.gravatar.com\\\/avatar\\\/6d517548ce186b30e960cee25918c9aa98a48de5ae82da0a8b1d4749b88060b8?s=96&r=g\",\"caption\":\"Tom\u00e1\u0161 Ma\u0148hal\"}},{\"@type\":[\"Person\"],\"@id\":\"https:\\\/\\\/www.webmium.cz\\\/blog\\\/#\\\/schema\\\/person\\\/1906d1a2a04623ef9db84e9dd14cdded\",\"name\":\"Iva Vl\u00e1\u010dilov\u00e1\",\"image\":{\"@type\":\"ImageObject\",\"@id\":\"https:\\\/\\\/secure.gravatar.com\\\/avatar\\\/6d517548ce186b30e960cee25918c9aa98a48de5ae82da0a8b1d4749b88060b8?s=96&r=g\",\"inLanguage\":\"cs_CZ\",\"url\":\"https:\\\/\\\/www.webmium.cz\\\/blog\\\/wp-content\\\/uploads\\\/2025\\\/06\\\/ivca-pupp.jpg\",\"caption\":\"Iva Vl\u00e1\u010dilov\u00e1\"}},{\"@type\":[\"Person\"],\"@id\":\"https:\\\/\\\/www.webmium.cz\\\/blog\\\/#\\\/schema\\\/person\\\/1906d1a2a04623ef9db84e9dd14cdded\",\"name\":\"David Mart\u00ednek\",\"image\":{\"@type\":\"ImageObject\",\"@id\":\"https:\\\/\\\/secure.gravatar.com\\\/avatar\\\/6d517548ce186b30e960cee25918c9aa98a48de5ae82da0a8b1d4749b88060b8?s=96&r=g\",\"inLanguage\":\"cs_CZ\",\"url\":\"https:\\\/\\\/www.webmium.cz\\\/blog\\\/wp-content\\\/uploads\\\/2025\\\/04\\\/AIpasovka.png\",\"caption\":\"David Mart\u00ednek\"}},{\"@type\":[\"Person\"],\"@id\":\"https:\\\/\\\/www.webmium.cz\\\/blog\\\/#\\\/schema\\\/person\\\/1906d1a2a04623ef9db84e9dd14cdded\",\"name\":\"Linda V\u00e1lkov\u00e1\",\"image\":{\"@type\":\"ImageObject\",\"@id\":\"https:\\\/\\\/secure.gravatar.com\\\/avatar\\\/6d517548ce186b30e960cee25918c9aa98a48de5ae82da0a8b1d4749b88060b8?s=96&r=g\",\"inLanguage\":\"cs_CZ\",\"url\":\"https:\\\/\\\/secure.gravatar.com\\\/avatar\\\/5f7710b6f1bbec9afe541bef1c1730aca52d5470bb225babfd4267a7f4e34e82?s=96&r=g\",\"caption\":\"Linda V\u00e1lkov\u00e1\"}},{\"@type\":[\"Person\"],\"@id\":\"https:\\\/\\\/www.webmium.cz\\\/blog\\\/#\\\/schema\\\/person\\\/1906d1a2a04623ef9db84e9dd14cdded\",\"name\":\"Anna L\u00edmov\u00e1\",\"image\":{\"@type\":\"ImageObject\",\"@id\":\"https:\\\/\\\/secure.gravatar.com\\\/avatar\\\/6d517548ce186b30e960cee25918c9aa98a48de5ae82da0a8b1d4749b88060b8?s=96&r=g\",\"inLanguage\":\"cs_CZ\",\"url\":\"https:\\\/\\\/www.webmium.cz\\\/blog\\\/wp-content\\\/uploads\\\/2024\\\/05\\\/annicka-limova.png\",\"caption\":\"Anna L\u00edmov\u00e1\"}},{\"@type\":[\"Person\"],\"@id\":\"https:\\\/\\\/www.webmium.cz\\\/blog\\\/#\\\/schema\\\/person\\\/1906d1a2a04623ef9db84e9dd14cdded\",\"name\":\"Ondra Sosna\",\"image\":{\"@type\":\"ImageObject\",\"@id\":\"https:\\\/\\\/secure.gravatar.com\\\/avatar\\\/6d517548ce186b30e960cee25918c9aa98a48de5ae82da0a8b1d4749b88060b8?s=96&r=g\",\"inLanguage\":\"cs_CZ\",\"url\":\"https:\\\/\\\/www.webmium.cz\\\/blog\\\/wp-content\\\/uploads\\\/2024\\\/04\\\/ondra-sosna.png\",\"caption\":\"Ondra Sosna\"}}]]}<\/script>\n<!-- \/ Yoast SEO plugin. -->","yoast_head_json":{"title":"Novinky z onlajnu duben 2025 - Blog Webmium.cz","description":"Sledujte nejnov\u011bj\u0161\u00ed trendy ze sv\u011bta SEO, PPC, AI, soci\u00e1ln\u00edch s\u00edt\u00ed a webu v na\u0161em pravideln\u00e9m p\u0159ehledu online novinek, tentokr\u00e1t z dubna 2025","robots":{"index":"index","follow":"follow","max-snippet":"max-snippet:-1","max-image-preview":"max-image-preview:large","max-video-preview":"max-video-preview:-1"},"canonical":"https:\/\/www.webmium.cz\/blog\/novinky-z-onlajnu-duben-2025\/","og_locale":"cs_CZ","og_type":"article","og_title":"Novinky z onlajnu duben 2025 - Blog Webmium.cz","og_description":"Sledujte nejnov\u011bj\u0161\u00ed trendy ze sv\u011bta SEO, PPC, AI, soci\u00e1ln\u00edch s\u00edt\u00ed a webu v na\u0161em pravideln\u00e9m p\u0159ehledu online novinek, tentokr\u00e1t z dubna 2025","og_url":"https:\/\/www.webmium.cz\/blog\/novinky-z-onlajnu-duben-2025\/","og_site_name":"Blog Webmium.cz","article_published_time":"2025-05-09T10:57:38+00:00","article_modified_time":"2025-05-09T11:15:53+00:00","og_image":[{"width":1200,"height":628,"url":"https:\/\/www.webmium.cz\/blog\/wp-content\/uploads\/2025\/05\/Novinky-z-onlajnu-duben-2025-socky.jpg","type":"image\/jpeg"}],"author":"Tom\u00e1\u0161 Ma\u0148hal,&nbsp;Iva Vl\u00e1\u010dilov\u00e1,&nbsp;David Mart\u00ednek,&nbsp;Linda V\u00e1lkov\u00e1,&nbsp;Anna L\u00edmov\u00e1&nbsp;a&nbsp;Ondra Sosna","twitter_card":"summary_large_image","twitter_misc":{"Napsal(a)":"Tom\u00e1\u0161 Ma\u0148hal,&nbsp;Iva Vl\u00e1\u010dilov\u00e1,&nbsp;David Mart\u00ednek,&nbsp;Linda V\u00e1lkov\u00e1,&nbsp;Anna L\u00edmov\u00e1&nbsp;a&nbsp;Ondra Sosna","Odhadovan\u00e1 doba \u010dten\u00ed":"37 minut"},"schema":{"@context":"https:\/\/schema.org","@graph":[{"@type":"Article","@id":"https:\/\/www.webmium.cz\/blog\/novinky-z-onlajnu-duben-2025\/#article","isPartOf":{"@id":"https:\/\/www.webmium.cz\/blog\/novinky-z-onlajnu-duben-2025\/"},"author":{"name":"Tom\u00e1\u0161 Ma\u0148hal,&nbsp;Iva Vl\u00e1\u010dilov\u00e1,&nbsp;David Mart\u00ednek,&nbsp;Linda V\u00e1lkov\u00e1,&nbsp;Anna L\u00edmov\u00e1&nbsp;a&nbsp;Ondra Sosna","@id":"https:\/\/www.webmium.cz\/blog\/#\/schema\/person\/1906d1a2a04623ef9db84e9dd14cdded"},"headline":"Novinky z onlajnu duben 2025","datePublished":"2025-05-09T10:57:38+00:00","dateModified":"2025-05-09T11:15:53+00:00","mainEntityOfPage":{"@id":"https:\/\/www.webmium.cz\/blog\/novinky-z-onlajnu-duben-2025\/"},"wordCount":4789,"commentCount":0,"publisher":{"@id":"https:\/\/www.webmium.cz\/blog\/#organization"},"image":{"@id":"https:\/\/www.webmium.cz\/blog\/novinky-z-onlajnu-duben-2025\/#primaryimage"},"thumbnailUrl":"https:\/\/www.webmium.cz\/blog\/wp-content\/uploads\/2025\/05\/Novinky-z-onlajnu-duben-2025-blog.jpg","articleSection":["webmium-novinky"],"inLanguage":"cs","potentialAction":[{"@type":"CommentAction","name":"Comment","target":["https:\/\/www.webmium.cz\/blog\/novinky-z-onlajnu-duben-2025\/#respond"]}]},{"@type":"WebPage","@id":"https:\/\/www.webmium.cz\/blog\/novinky-z-onlajnu-duben-2025\/","url":"https:\/\/www.webmium.cz\/blog\/novinky-z-onlajnu-duben-2025\/","name":"Novinky z onlajnu duben 2025 - Blog Webmium.cz","isPartOf":{"@id":"https:\/\/www.webmium.cz\/blog\/#website"},"primaryImageOfPage":{"@id":"https:\/\/www.webmium.cz\/blog\/novinky-z-onlajnu-duben-2025\/#primaryimage"},"image":{"@id":"https:\/\/www.webmium.cz\/blog\/novinky-z-onlajnu-duben-2025\/#primaryimage"},"thumbnailUrl":"https:\/\/www.webmium.cz\/blog\/wp-content\/uploads\/2025\/05\/Novinky-z-onlajnu-duben-2025-blog.jpg","datePublished":"2025-05-09T10:57:38+00:00","dateModified":"2025-05-09T11:15:53+00:00","description":"Sledujte nejnov\u011bj\u0161\u00ed trendy ze sv\u011bta SEO, PPC, AI, soci\u00e1ln\u00edch s\u00edt\u00ed a webu v na\u0161em pravideln\u00e9m p\u0159ehledu online novinek, tentokr\u00e1t z dubna 2025","breadcrumb":{"@id":"https:\/\/www.webmium.cz\/blog\/novinky-z-onlajnu-duben-2025\/#breadcrumb"},"inLanguage":"cs","potentialAction":[{"@type":"ReadAction","target":["https:\/\/www.webmium.cz\/blog\/novinky-z-onlajnu-duben-2025\/"]}]},{"@type":"ImageObject","inLanguage":"cs","@id":"https:\/\/www.webmium.cz\/blog\/novinky-z-onlajnu-duben-2025\/#primaryimage","url":"https:\/\/www.webmium.cz\/blog\/wp-content\/uploads\/2025\/05\/Novinky-z-onlajnu-duben-2025-blog.jpg","contentUrl":"https:\/\/www.webmium.cz\/blog\/wp-content\/uploads\/2025\/05\/Novinky-z-onlajnu-duben-2025-blog.jpg","width":600,"height":180},{"@type":"BreadcrumbList","@id":"https:\/\/www.webmium.cz\/blog\/novinky-z-onlajnu-duben-2025\/#breadcrumb","itemListElement":[{"@type":"ListItem","position":1,"name":"Dom\u016f","item":"https:\/\/www.webmium.cz\/blog\/"},{"@type":"ListItem","position":2,"name":"Novinky z onlajnu duben 2025"}]},{"@type":"WebSite","@id":"https:\/\/www.webmium.cz\/blog\/#website","url":"https:\/\/www.webmium.cz\/blog\/","name":"Blog Webmium.cz","description":"Marketingov\u00e9 novinky a zpr\u00e1vy","publisher":{"@id":"https:\/\/www.webmium.cz\/blog\/#organization"},"potentialAction":[{"@type":"SearchAction","target":{"@type":"EntryPoint","urlTemplate":"https:\/\/www.webmium.cz\/blog\/?s={search_term_string}"},"query-input":{"@type":"PropertyValueSpecification","valueRequired":true,"valueName":"search_term_string"}}],"inLanguage":"cs"},{"@type":"Organization","@id":"https:\/\/www.webmium.cz\/blog\/#organization","name":"Blog Webmium.cz","url":"https:\/\/www.webmium.cz\/blog\/","logo":{"@type":"ImageObject","inLanguage":"cs","@id":"https:\/\/www.webmium.cz\/blog\/#\/schema\/logo\/image\/","url":"https:\/\/www.webmium.cz\/blog\/wp-content\/uploads\/2023\/09\/webmium-zelene-blog.png","contentUrl":"https:\/\/www.webmium.cz\/blog\/wp-content\/uploads\/2023\/09\/webmium-zelene-blog.png","width":480,"height":49,"caption":"Blog Webmium.cz"},"image":{"@id":"https:\/\/www.webmium.cz\/blog\/#\/schema\/logo\/image\/"}},[{"@type":["Person"],"@id":"https:\/\/www.webmium.cz\/blog\/#\/schema\/person\/1906d1a2a04623ef9db84e9dd14cdded","name":"Tom\u00e1\u0161 Ma\u0148hal","image":{"@type":"ImageObject","@id":"https:\/\/secure.gravatar.com\/avatar\/6d517548ce186b30e960cee25918c9aa98a48de5ae82da0a8b1d4749b88060b8?s=96&r=g","inLanguage":"cs_CZ","url":"https:\/\/secure.gravatar.com\/avatar\/6d517548ce186b30e960cee25918c9aa98a48de5ae82da0a8b1d4749b88060b8?s=96&r=g","caption":"Tom\u00e1\u0161 Ma\u0148hal"}},{"@type":["Person"],"@id":"https:\/\/www.webmium.cz\/blog\/#\/schema\/person\/1906d1a2a04623ef9db84e9dd14cdded","name":"Iva Vl\u00e1\u010dilov\u00e1","image":{"@type":"ImageObject","@id":"https:\/\/secure.gravatar.com\/avatar\/6d517548ce186b30e960cee25918c9aa98a48de5ae82da0a8b1d4749b88060b8?s=96&r=g","inLanguage":"cs_CZ","url":"https:\/\/www.webmium.cz\/blog\/wp-content\/uploads\/2025\/06\/ivca-pupp.jpg","caption":"Iva Vl\u00e1\u010dilov\u00e1"}},{"@type":["Person"],"@id":"https:\/\/www.webmium.cz\/blog\/#\/schema\/person\/1906d1a2a04623ef9db84e9dd14cdded","name":"David Mart\u00ednek","image":{"@type":"ImageObject","@id":"https:\/\/secure.gravatar.com\/avatar\/6d517548ce186b30e960cee25918c9aa98a48de5ae82da0a8b1d4749b88060b8?s=96&r=g","inLanguage":"cs_CZ","url":"https:\/\/www.webmium.cz\/blog\/wp-content\/uploads\/2025\/04\/AIpasovka.png","caption":"David Mart\u00ednek"}},{"@type":["Person"],"@id":"https:\/\/www.webmium.cz\/blog\/#\/schema\/person\/1906d1a2a04623ef9db84e9dd14cdded","name":"Linda V\u00e1lkov\u00e1","image":{"@type":"ImageObject","@id":"https:\/\/secure.gravatar.com\/avatar\/6d517548ce186b30e960cee25918c9aa98a48de5ae82da0a8b1d4749b88060b8?s=96&r=g","inLanguage":"cs_CZ","url":"https:\/\/secure.gravatar.com\/avatar\/5f7710b6f1bbec9afe541bef1c1730aca52d5470bb225babfd4267a7f4e34e82?s=96&r=g","caption":"Linda V\u00e1lkov\u00e1"}},{"@type":["Person"],"@id":"https:\/\/www.webmium.cz\/blog\/#\/schema\/person\/1906d1a2a04623ef9db84e9dd14cdded","name":"Anna L\u00edmov\u00e1","image":{"@type":"ImageObject","@id":"https:\/\/secure.gravatar.com\/avatar\/6d517548ce186b30e960cee25918c9aa98a48de5ae82da0a8b1d4749b88060b8?s=96&r=g","inLanguage":"cs_CZ","url":"https:\/\/www.webmium.cz\/blog\/wp-content\/uploads\/2024\/05\/annicka-limova.png","caption":"Anna L\u00edmov\u00e1"}},{"@type":["Person"],"@id":"https:\/\/www.webmium.cz\/blog\/#\/schema\/person\/1906d1a2a04623ef9db84e9dd14cdded","name":"Ondra Sosna","image":{"@type":"ImageObject","@id":"https:\/\/secure.gravatar.com\/avatar\/6d517548ce186b30e960cee25918c9aa98a48de5ae82da0a8b1d4749b88060b8?s=96&r=g","inLanguage":"cs_CZ","url":"https:\/\/www.webmium.cz\/blog\/wp-content\/uploads\/2024\/04\/ondra-sosna.png","caption":"Ondra Sosna"}}]]}},"uagb_featured_image_src":{"full":["https:\/\/www.webmium.cz\/blog\/wp-content\/uploads\/2025\/05\/Novinky-z-onlajnu-duben-2025-blog.jpg",600,180,false],"thumbnail":["https:\/\/www.webmium.cz\/blog\/wp-content\/uploads\/2025\/05\/Novinky-z-onlajnu-duben-2025-blog-150x150.jpg",150,150,true],"medium":["https:\/\/www.webmium.cz\/blog\/wp-content\/uploads\/2025\/05\/Novinky-z-onlajnu-duben-2025-blog-300x90.jpg",300,90,true],"medium_large":["https:\/\/www.webmium.cz\/blog\/wp-content\/uploads\/2025\/05\/Novinky-z-onlajnu-duben-2025-blog.jpg",600,180,false],"large":["https:\/\/www.webmium.cz\/blog\/wp-content\/uploads\/2025\/05\/Novinky-z-onlajnu-duben-2025-blog.jpg",600,180,false],"1536x1536":["https:\/\/www.webmium.cz\/blog\/wp-content\/uploads\/2025\/05\/Novinky-z-onlajnu-duben-2025-blog.jpg",600,180,false],"2048x2048":["https:\/\/www.webmium.cz\/blog\/wp-content\/uploads\/2025\/05\/Novinky-z-onlajnu-duben-2025-blog.jpg",600,180,false],"authorship-box-avatar":["https:\/\/www.webmium.cz\/blog\/wp-content\/uploads\/2025\/05\/Novinky-z-onlajnu-duben-2025-blog-150x150.jpg",150,150,true],"authorship-box-related":["https:\/\/www.webmium.cz\/blog\/wp-content\/uploads\/2025\/05\/Novinky-z-onlajnu-duben-2025-blog-70x70.jpg",70,70,true]},"uagb_author_info":{"display_name":"Tom\u00e1\u0161 Ma\u0148hal,&nbsp;Iva Vl\u00e1\u010dilov\u00e1,&nbsp;David Mart\u00ednek,&nbsp;Linda V\u00e1lkov\u00e1,&nbsp;Anna L\u00edmov\u00e1&nbsp;a&nbsp;Ondra Sosna","author_link":"https:\/\/www.webmium.cz\/blog\/author\/tomas-manhal\/?mab_v3=4390"},"uagb_comment_info":5,"uagb_excerpt":"Online sv\u011bt nikdy nesp\u00ed \u2013 a my pro v\u00e1s m\u00e1me p\u0159ehled toho nejzaj\u00edmav\u011bj\u0161\u00edho. V na\u0161em pravideln\u00e9m souhrnu se zam\u011b\u0159ujeme na nejnov\u011bj\u0161\u00ed d\u011bn\u00ed v oblasti SEO, PPC, um\u011bl\u00e9 inteligence, soci\u00e1ln\u00edch s\u00edt\u00ed i webov\u00e9ho v\u00fdvoje. Pokud chcete dr\u017eet krok s digit\u00e1ln\u00edm sv\u011btem, tenhle \u010dl\u00e1nek v\u00e1s nezklame.","_links":{"self":[{"href":"https:\/\/www.webmium.cz\/blog\/wp-json\/wp\/v2\/posts\/4390","targetHints":{"allow":["GET"]}}],"collection":[{"href":"https:\/\/www.webmium.cz\/blog\/wp-json\/wp\/v2\/posts"}],"about":[{"href":"https:\/\/www.webmium.cz\/blog\/wp-json\/wp\/v2\/types\/post"}],"author":[{"embeddable":true,"href":"https:\/\/www.webmium.cz\/blog\/wp-json\/wp\/v2\/users\/2"}],"replies":[{"embeddable":true,"href":"https:\/\/www.webmium.cz\/blog\/wp-json\/wp\/v2\/comments?post=4390"}],"version-history":[{"count":1,"href":"https:\/\/www.webmium.cz\/blog\/wp-json\/wp\/v2\/posts\/4390\/revisions"}],"predecessor-version":[{"id":4392,"href":"https:\/\/www.webmium.cz\/blog\/wp-json\/wp\/v2\/posts\/4390\/revisions\/4392"}],"wp:featuredmedia":[{"embeddable":true,"href":"https:\/\/www.webmium.cz\/blog\/wp-json\/wp\/v2\/media\/4391"}],"wp:attachment":[{"href":"https:\/\/www.webmium.cz\/blog\/wp-json\/wp\/v2\/media?parent=4390"}],"wp:term":[{"taxonomy":"category","embeddable":true,"href":"https:\/\/www.webmium.cz\/blog\/wp-json\/wp\/v2\/categories?post=4390"},{"taxonomy":"post_tag","embeddable":true,"href":"https:\/\/www.webmium.cz\/blog\/wp-json\/wp\/v2\/tags?post=4390"}],"curies":[{"name":"wp","href":"https:\/\/api.w.org\/{rel}","templated":true}]}}