{"id":3675,"date":"2024-03-20T08:47:00","date_gmt":"2024-03-20T07:47:00","guid":{"rendered":"https:\/\/www.webmium.cz\/blog\/?p=3675"},"modified":"2024-10-09T23:34:53","modified_gmt":"2024-10-09T21:34:53","slug":"twitter-slavi-18-let","status":"publish","type":"post","link":"https:\/\/www.webmium.cz\/blog\/twitter-slavi-18-let\/","title":{"rendered":"Twitter slav\u00ed 18 let! Od kr\u00e1tk\u00fdch zpr\u00e1vi\u010dek k platform\u011b ovliv\u0148uj\u00edc\u00ed sv\u011bt"},"content":{"rendered":"\n<h2 class=\"wp-block-heading\"><strong>21. b\u0159ezna 2024 oslav\u00ed Twitter sv\u00e9 18. narozeniny<\/strong><\/h2>\n\n\n\n<p>Pamatujete si je\u0161t\u011b tu dobu, kdy jsme na popul\u00e1rn\u00ed soci\u00e1ln\u00ed s\u00edti Twitter mohli sd\u00edlet pouze 140 znak\u016f? <br>Tato omezen\u00ed byla zavedena v dob\u011b, kdy jsou p\u0159\u00edsp\u011bvky na Twitteru \u010dasto odes\u00edl\u00e1ny pomoc\u00ed SMS zpr\u00e1v, kter\u00e9 m\u011bly maxim\u00e1ln\u00ed d\u00e9lku 160 znak\u016f a Twitter pot\u0159eboval u\u0161et\u0159it prostor pro u\u017eivatelsk\u00e9 jm\u00e9no. Ale dnes je to ji\u017e minulost. <\/p>\n\n\n\n<p>Twitter se za t\u011bch 18 let prom\u011bnil z nen\u00e1padn\u00e9ho startupu v soci\u00e1ln\u00ed s\u00ed\u0165 s celosv\u011btov\u00fdm dosahem a st\u00e1le rostouc\u00edm po\u010dtem u\u017eivatel\u016f. Dnes je Twitter nejen platformou pro sd\u00edlen\u00ed zpr\u00e1v a n\u00e1zor\u016f, ale tak\u00e9 v\u00fdznamn\u00fdm m\u00edstem pro politick\u00fd diskurz, kter\u00fd m\u00e1 schopnost ovliv\u0148ovat glob\u00e1ln\u00ed d\u011bn\u00ed. Nyn\u00ed se spole\u010dn\u011b pono\u0159me do historie Twitteru a p\u0159ipome\u0148me si jeho v\u00fdznamn\u00e9 miln\u00edky. Twitter byl zalo\u017een v roce 2006 a p\u016fvodn\u011b byl ur\u010den pro soukrom\u00e9 skupiny lid\u00ed, aby sd\u00edlely sv\u00e9 my\u0161lenky a n\u00e1pady. <\/p>\n\n\n\n<h3 class=\"wp-block-heading\">Prvn\u00ed tweet odeslal jeden ze zakladatel\u016f Twitteru, Jack Dorsey, a zn\u011bl \u201epouze nastavuji sv\u016fj twttr\u201c. <\/h3>\n\n\n\n<figure class=\"wp-block-embed aligncenter is-type-rich is-provider-twitter wp-block-embed-twitter\" style=\"margin-right:0;margin-left:0\">\n<blockquote class=\"twitter-tweet\" data-width=\"500\" data-dnt=\"true\"><p lang=\"en\" dir=\"ltr\">just setting up my twttr<\/p>&mdash; jack (@jack) <a href=\"https:\/\/twitter.com\/jack\/status\/20?ref_src=twsrc%5Etfw\">March 21, 2006<\/a><\/blockquote><script async src=\"https:\/\/platform.twitter.com\/widgets.js\" charset=\"utf-8\"><\/script>\n<\/figure>\n\n\n\n<p>V roce 2007 se Twitter stal ve\u0159ejn\u011b dostupn\u00fdm a za\u010dal rychle r\u016fst. V roce 2009 dos\u00e1hl Twitter m\u00edle 1 miliardy tweet\u016f. O dva roky pozd\u011bji, v roce 2011, bylo na Twitteru publikov\u00e1no v\u00edce ne\u017e 1 miliarda tweet\u016f t\u00fddn\u011b. Twitter nejen \u017ee za\u017eil obrovsk\u00fd r\u016fst, ale tak\u00e9 se musel vyrovnat s \u0159adou kontroverz\u00ed. <\/p>\n\n\n\n<p>Nap\u0159\u00edklad v roce 2017 se Twitter rozhodl zv\u00fd\u0161it limit znak\u016f na 280, co\u017e vyvolalo \u0159adu diskus\u00ed. Mnoho u\u017eivatel\u016f obhajovalo p\u016fvodn\u00ed limit 140 znak\u016f jako kl\u00ed\u010dov\u00fd aspekt kultury Twitteru a byli znepokojeni mo\u017en\u00fdmi dopady na kvalitu konverzace na platform\u011b. Nicm\u00e9n\u011b zm\u011bna byla provedena a Twitter se od t\u00e9 doby s nov\u00fdm limitem \u00fasp\u011b\u0161n\u011b vyrovnal. <\/p>\n\n\n\n<p>A jak\u00e1 je sou\u010dasn\u00e1 role Twitteru a jakou roli bude hr\u00e1t v budoucnosti? Twitter je dnes jednou z nejv\u00fdznamn\u011bj\u0161\u00edch soci\u00e1ln\u00edch s\u00edt\u00ed, kter\u00e1 slou\u017e\u00ed jako platforma pro sd\u00edlen\u00ed zpr\u00e1v, n\u00e1zor\u016f a informac\u00ed. Jeho vliv na glob\u00e1ln\u00ed d\u011bn\u00ed je st\u00e1le siln\u00fd, a\u0165 u\u017e jde o politiku, z\u00e1bavu nebo sport. V budoucnosti se o\u010dek\u00e1v\u00e1, \u017ee Twitter bude i nad\u00e1le hr\u00e1t kl\u00ed\u010dovou roli ve sv\u011bt\u011b soci\u00e1ln\u00edch m\u00e9di\u00ed, p\u0159i\u010dem\u017e se zam\u011b\u0159\u00ed na zv\u00fd\u0161en\u00ed transparentnosti a boj proti \u0161\u00ed\u0159en\u00ed dezinformac\u00ed. <br>Bez ohledu na budouc\u00ed v\u00fdvoj Twitteru je jist\u00e9, \u017ee tato platforma z\u016fstane d\u016fle\u017eitou sou\u010d\u00e1st\u00ed na\u0161eho digit\u00e1ln\u00edho \u017eivota.<\/p>\n\n\n\n<h2 class=\"wp-block-heading\"><strong>Z kr\u00e1tk\u00fdch zpr\u00e1v k platform\u011b pro ovliv\u0148ov\u00e1n\u00ed mas<\/strong><\/h2>\n\n\n\n<ul class=\"wp-block-list\">\n<li><strong>2006:<\/strong> V San Francisku se rod\u00ed n\u00e1pad \u010dty\u0159 vizion\u00e1\u0159\u016f &#8211; Jacka Dorseyho, Noaha Glasse, Bize Stone a Evana Williamse. Spole\u010dn\u011b spou\u0161t\u011bj\u00ed platformu, kter\u00e1 nese n\u00e1zev Twitter. P\u016fvodn\u011b slou\u017e\u00ed pro sd\u00edlen\u00ed kr\u00e1tk\u00fdch status\u016f mezi omezen\u00fdm okruhem u\u017eivatel\u016f. <br>(zdroj: <a href=\"https:\/\/jablickar.cz\/z-historie-it-pocatky-twitteru\/\" target=\"_blank\" rel=\"noreferrer noopener\">https:\/\/jablickar.cz\/z-historie-it-pocatky-twitteru\/<\/a>)<\/li>\n\n\n\n<li><strong>2007:<\/strong> Twitter se poprv\u00e9 dost\u00e1v\u00e1 do hled\u00e1\u010dku \u0161ir\u0161\u00edho publika b\u011bhem konference South by Southwest. U\u017eivatelsk\u00e1 z\u00e1kladna za\u010d\u00edn\u00e1 prudce r\u016fst a Twitter se pomalu st\u00e1v\u00e1 fenom\u00e9nem. <br>(zdroj: <a href=\"https:\/\/jablickar.cz\/z-historie-it-pocatky-twitteru\/\" target=\"_blank\" rel=\"noreferrer noopener\">https:\/\/jablickar.cz\/z-historie-it-pocatky-twitteru\/<\/a>)<\/li>\n\n\n\n<li><strong>2008:<\/strong> Z\u00e1sadn\u00ed zlom p\u0159ich\u00e1z\u00ed s implementac\u00ed hashtag\u016f (#). Ty umo\u017e\u0148uj\u00ed sdru\u017eovat tweety k ur\u010dit\u00e9mu t\u00e9matu a v\u00fdrazn\u011b zjednodu\u0161uj\u00ed sledov\u00e1n\u00ed aktu\u00e1ln\u00edch d\u011bn\u00ed a diskuz\u00ed. <br>(zdroj: <a href=\"https:\/\/www.instagram.com\/explore\/tags\/historie\/\" target=\"_blank\" rel=\"noreferrer noopener\">https:\/\/www.instagram.com\/explore\/tags\/historie\/<\/a>)<\/li>\n\n\n\n<li><strong>2009:<\/strong> Twitter p\u0159ekro\u010dil hranice a je dostupn\u00fd i v \u010de\u0161tin\u011b. To otev\u00edr\u00e1 dve\u0159e \u010desk\u00fdm u\u017eivatel\u016fm a Twitter se za\u010d\u00edn\u00e1 pomalu etablovat i na na\u0161em trhu. <br>(zdroj: <a href=\"https:\/\/www.scotusblog.com\/case-files\/cases\/twitter-inc-v-taamneh\/\" target=\"_blank\" rel=\"noreferrer noopener\">https:\/\/www.scotusblog.com\/case-files\/cases\/twitter-inc-v-taamneh\/<\/a>)<\/li>\n\n\n\n<li><strong>2010:<\/strong> Twitter slav\u00ed v\u00fdznamn\u00fd miln\u00edk &#8211; 100 milion\u016f aktivn\u00edch u\u017eivatel\u016f m\u011bs\u00ed\u010dn\u011b. Platforma se st\u00e1v\u00e1 neodmyslitelnou sou\u010d\u00e1st\u00ed online komunikace a z\u00edsk\u00e1v\u00e1 si pozornost m\u00e9di\u00ed i jednotlivc\u016f. <br>(zdroj: <a href=\"https:\/\/cc.cz\/twitteru-letos-vyrazne-stoupl-pocet-uzivatelu-nahoru-sel-i-zisk-zaostal-ovsem-v-trzbach\/\" target=\"_blank\" rel=\"noreferrer noopener\">https:\/\/cc.cz\/twitteru-letos-vyrazne-stoupl-pocet-uzivatelu-nahoru-sel-i-zisk-zaostal-ovsem-v-trzbach\/<\/a>)<\/li>\n\n\n\n<li><strong>2012:<\/strong>&nbsp;Twitter zav\u00e1d\u00ed &#8222;Moments&#8220;, kolekce tweet\u016f o aktu\u00e1ln\u00edch ud\u00e1lostech.<\/li>\n\n\n\n<li><strong>2015:<\/strong>&nbsp;Twitter spou\u0161t\u00ed &#8222;Periscope&#8220;, platformu pro \u017eiv\u00e9 vys\u00edl\u00e1n\u00ed.<\/li>\n\n\n\n<li><strong>2016:<\/strong>&nbsp;Twitter zav\u00e1d\u00ed &#8222;Twitter Lite&#8220;, verzi platformy s n\u00edzk\u00fdmi datov\u00fdmi n\u00e1roky pro rozvojov\u00e9 trhy.<br>(zdroj:<a href=\"https:\/\/www.fio.cz\/zpravodajstvi\/zpravy-z-burzy\/192513-twitter-spousti-lite-sluzbu-se-kterou-chce-uspet-na-rozvijejicich-se-trzich\" target=\"_blank\" rel=\"noreferrer noopener\"> https:\/\/www.fio.cz\/zpravodajstvi\/zpravy-z-burzy\/192513-twitter-spousti-lite-sluzbu-se-kterou-chce-uspet-na-rozvijejicich-se-trzich<\/a> )<\/li>\n\n\n\n<li><strong>2017:<\/strong>&nbsp;Elon Musk kupuje 9,1% akci\u00ed Twitteru (zdroj: <a href=\"https:\/\/www.elonx.cz\/elon-musk-vlastni-pres-9-twitteru-a-nyni-firme-nabidl-ze-odkoupi-i-zbytek-akcii-a-prevezme-kontrolu\/\" target=\"_blank\" rel=\"noreferrer noopener\">https:\/\/www.elonx.cz\/elon-musk-vlastni-pres-9-twitteru-a-nyni-firme-nabidl-ze-odkoupi-i-zbytek-akcii-a-prevezme-kontrolu\/<\/a>).<br>V roce 2017 Twitter zak\u00e1zal reklamy na kryptom\u011bny.<\/li>\n\n\n\n<li><strong>2020:<\/strong> Twitter zavedl funkci &#8222;Fleets&#8220;, tedy Tweety, kter\u00e9 po 24 hodin\u00e1ch zmiz\u00ed. Ty n\u00e1sledn\u011b v roce 2021 zru\u0161il.<\/li>\n\n\n\n<li><strong>2022<\/strong>: Elon Musk kupuje Twitter za 44 miliard dolar\u016f a stahuje jej z burzy. Jeho c\u00edlem je z Twitteru ud\u011blat platformu pro svobodu slova a otev\u0159enou diskuzi. V\u00edce v \u010dl\u00e1nku : <a href=\"https:\/\/www.webmium.cz\/blog\/twitter-zaziva-divoke-casy-po-akvizici-elonem-muskem\/\">Twitter za\u017e\u00edv\u00e1 divok\u00e9 \u010dasy po akvizici Elonem Muskem<\/a><br>(zdroj: <a href=\"https:\/\/cc.cz\/twitter-koupil-za-44-miliard-dolaru-ted-je-hodnota-firmy-19-miliard-prohlasil-elon-musk\/\" target=\"_blank\" rel=\"noreferrer noopener\">https:\/\/cc.cz\/twitter-koupil-za-44-miliard-dolaru-ted-je-hodnota-firmy-19-miliard-prohlasil-elon-musk\/<\/a> )<\/li>\n\n\n\n<li><strong>2023:<\/strong>&nbsp;Zm\u011bna n\u00e1zvu z Twitter na X.<br>(zdroj: <a href=\"https:\/\/www.lupa.cz\/aktuality\/twitter-zmeni-nazev-na-x-oznamil-elon-musk\/\" target=\"_blank\" rel=\"noreferrer noopener\">https:\/\/www.lupa.cz\/aktuality\/twitter-zmeni-nazev-na-x-oznamil-elon-musk\/<\/a> )<br>X slav\u00ed 330 milion\u016f aktivn\u00edch u\u017eivatel\u016f m\u011bs\u00ed\u010dn\u011b.<\/li>\n<\/ul>\n\n\n\n<h3 class=\"wp-block-heading\"><strong>Twitter jako sv\u011bdek historie<\/strong><\/h3>\n\n\n\n<ul class=\"wp-block-list\">\n<li><strong>2011:<\/strong> Twitter sehr\u00e1l z\u00e1sadn\u00ed roli b\u011bhem Arabsk\u00e9ho jara. Kr\u00e1tk\u00e1 sd\u011blen\u00ed a rychl\u00e1 komunikace umo\u017enily lidem informovat o prob\u00edhaj\u00edc\u00edch protestech a \u0161\u00ed\u0159it poselstv\u00ed svobody po cel\u00e9m sv\u011bt\u011b. <br>(zdroj: <a href=\"https:\/\/ct24.ceskatelevize.cz\/clanek\/svet\/pred-deseti-lety-se-prohnalo-blizkym-vychodem-arabske-jaro-ohne-revoluce-v-nekterych-zemich-hori-dod-40737#:~:text=P%C5%99i%20protestech%20hr%C3%A1ly%20velkou%20roli,novinky%2C%20kter%C3%A9%20nevys%C3%ADlala%20ofici%C3%A1ln%C3%AD%20m%C3%A9dia.\" target=\"_blank\" rel=\"noreferrer noopener\">https:\/\/ct24.ceskatelevize.cz\/clanek\/svet\/pred-deseti-lety-se-prohnalo-blizkym-vychodem-arabske-jaro-ohne-revoluce-v-nekterych-zemich-hori-dod-40737.<\/a>)<\/li>\n\n\n\n<li><strong>2016:<\/strong> Sv\u011bt sleduje volby prezidenta USA v p\u0159\u00edm\u00e9m p\u0159enosu d\u00edky Twitteru. Donald Trump, zn\u00e1m\u00fd sv\u00fdm aktivn\u00edm \u00fa\u010dtem, z\u00edsk\u00e1v\u00e1 zna\u010dnou \u010d\u00e1st podpory pr\u00e1v\u011b skrze tuto platformu. <br>(zdroj: <a href=\"https:\/\/dspace.cuni.cz\/handle\/20.500.11956\/107189\">Anal\u00fdza twitterov\u00e9 kampan\u011b Donalda J. Trumpa v americk\u00fdch prezidentsk\u00fdch volb\u00e1ch 2016<\/a>)<\/li>\n<\/ul>\n\n\n\n<h2 class=\"wp-block-heading\"><strong>Twitter v \u010cesku a jeho budoucnost:<\/strong><\/h2>\n\n\n\n<p>I kdy\u017e Twitter nen\u00ed v \u010cesk\u00e9 republice tak dominantn\u00ed jako Facebook, m\u00e1 svou v\u011brnou u\u017eivatelskou z\u00e1kladnu. Podle \u00fadaj\u016f z roku 2023 X m\u00e1 dosah  okolo 1,4 milionu \u010cech\u016f. Platforma je popul\u00e1rn\u00ed zejm\u00e9na mezi novin\u00e1\u0159i, kte\u0159\u00ed zde sd\u00edl\u00ed aktu\u00e1ln\u00ed zpr\u00e1vy a koment\u00e1\u0159e, politiky vyu\u017e\u00edvaj\u00edc\u00ed X pro komunikaci s ve\u0159ejnost\u00ed, influencery propaguj\u00edc\u00ed sv\u00e9 zna\u010dky a v neposledn\u00ed \u0159ad\u011b lidmi se z\u00e1jmem o technologie a d\u011bn\u00ed ve sv\u011bt\u011b. <br>N\u00e1r\u016fst dosahu X (d\u0159\u00edve Twitter) v&nbsp;\u010cesku byl na za\u010d\u00e1tku roku 2023 meziro\u010dn\u011b vy\u0161\u0161\u00ed o 78 % (+614 tis\u00edc). <br>(zdroj: <a href=\"https:\/\/www.mediaguru.cz\/clanky\/2023\/02\/nejvetsimi-socialnimi-sitemi-v-cesku-zustavaji-youtube-a-facebook\/\" target=\"_blank\" rel=\"noreferrer noopener\">https:\/\/www.mediaguru.cz\/clanky\/2023\/02\/nejvetsimi-socialnimi-sitemi-v-cesku-zustavaji-youtube-a-facebook\/<\/a>)<\/p>\n\n\n\n<h3 class=\"wp-block-heading\"><strong>U\u017eivatelsk\u00e1 z\u00e1kladna:<\/strong><\/h3>\n\n\n\n<ul class=\"wp-block-list\">\n<li>V \u010cesk\u00e9 republice je Twitter popul\u00e1rn\u00ed sp\u00ed\u0161e mezi mu\u017ei, kte\u0159\u00ed tvo\u0159\u00ed 74 % u\u017eivatel\u016f.<\/li>\n\n\n\n<li>V\u011bt\u0161ina u\u017eivatel\u016f je ve v\u011bku 18-34 let.<\/li>\n\n\n\n<li>Twitter je obl\u00edben\u00fd mezi novin\u00e1\u0159i, politiky, influencery a lidmi se z\u00e1jmem o technologie a d\u011bn\u00ed ve sv\u011bt\u011b.<\/li>\n\n\n\n<li>Platformu hojn\u011b vyu\u017e\u00edvaj\u00ed i studenti a mlad\u00ed profesion\u00e1lov\u00e9.<\/li>\n<\/ul>\n\n\n\n<h3 class=\"wp-block-heading\"><strong>Vyu\u017eit\u00ed Twitteru v \u010cR:<\/strong><\/h3>\n\n\n\n<ul class=\"wp-block-list\">\n<li>Novin\u00e1\u0159i sd\u00edl\u00ed aktu\u00e1ln\u00ed zpr\u00e1vy a koment\u00e1\u0159e, \u010d\u00edm\u017e informuj\u00ed \u0161irokou ve\u0159ejnost.<\/li>\n\n\n\n<li>Politici komunikuj\u00ed s voli\u010di, sd\u00edl\u00ed sv\u00e9 programy a reaguj\u00ed na aktu\u00e1ln\u00ed d\u011bn\u00ed.<\/li>\n\n\n\n<li>Influence\u0159i propaguj\u00ed sv\u00e9 zna\u010dky, produkty a slu\u017eby.<\/li>\n\n\n\n<li>Lid\u00e9 sd\u00edl\u00ed sv\u00e9 my\u0161lenky a n\u00e1zory na r\u016fzn\u00e1 t\u00e9mata, diskutuj\u00ed a navazuj\u00ed kontakty.<\/li>\n\n\n\n<li>Twitter se pou\u017e\u00edv\u00e1 i pro \u0161\u00ed\u0159en\u00ed informac\u00ed a zpr\u00e1v. D\u00e1le tak\u00e9 pro z\u00e1bavu a humor, sd\u00edlen\u00ed meme obr\u00e1zk\u016f a vide\u00ed.<\/li>\n<\/ul>\n\n\n\n<h2 class=\"wp-block-heading\"><strong>V\u00fdzvy a p\u0159\u00edle\u017eitosti pro X:<\/strong><\/h2>\n\n\n\n<p>Spole\u010dnost X, kter\u00e1 je v\u00fdznamn\u00fdm hr\u00e1\u010dem na poli soci\u00e1ln\u00edch m\u00e9di\u00ed, se v sou\u010dasn\u00e9 dob\u011b pot\u00fdk\u00e1 s prudkou konkurenc\u00ed. Tuto konkurenci tvo\u0159\u00ed nejen zaveden\u00e9 soci\u00e1ln\u00ed s\u00edt\u011b jako jsou Facebook a Instagram, kter\u00e9 jsou osv\u011bd\u010den\u00e9 a maj\u00ed rozs\u00e1hlou z\u00e1kladnu u\u017eivatel\u016f, ale tak\u00e9 nov\u011b p\u0159\u00edchoz\u00ed hr\u00e1\u010di, jako je nap\u0159\u00edklad dynamicky se rozv\u00edjej\u00edc\u00ed TikTok, kter\u00fd rychle z\u00edsk\u00e1v\u00e1 na popularit\u011b a je preferov\u00e1n zejm\u00e9na mlad\u0161\u00ed generac\u00ed. <br><br>Aby si spole\u010dnost X byla schopna udr\u017eet sv\u00e9 postaven\u00ed na trhu a d\u00e1le expandovat, bude muset vymyslet inovativn\u00ed strategie a hledat nov\u00e9 cesty, jak zaujmout u\u017eivatele a p\u0159il\u00e1kat k sob\u011b novou klientelu. Jednou z oblast\u00ed, kter\u00e1 sk\u00fdt\u00e1 velk\u00fd potenci\u00e1l pro r\u016fst a rozvoj, je \u017eiv\u00e9 vys\u00edl\u00e1n\u00ed a monetizace obsahu tv\u016frc\u016f. \u017div\u00e9 vys\u00edl\u00e1n\u00ed je trendem, kter\u00fd se rychle roz\u0161i\u0159uje a z\u00edsk\u00e1v\u00e1 na popularit\u011b. Umo\u017e\u0148uje tv\u016frc\u016fm obsahu p\u0159\u00edm\u00fd kontakt s jejich fanou\u0161ky a poskytuje jim jedine\u010dnou p\u0159\u00edle\u017eitost interagovat s nimi v re\u00e1ln\u00e9m \u010dase. <br><br>Monetizace obsahu tv\u016frc\u016f pak nab\u00edz\u00ed tv\u016frc\u016fm efektivn\u00ed zp\u016fsob, jak z\u00edskat p\u0159\u00edjmy z jejich tvorby a pos\u00edlit jejich vazbu s fanou\u0161ky. Pokud bude spole\u010dnost X schopna efektivn\u011b vyu\u017e\u00edt t\u011bchto trend\u016f, m\u016f\u017ee to b\u00fdt kl\u00ed\u010dem k jej\u00edmu budouc\u00edmu \u00fasp\u011bchu. <br><br>Dal\u0161\u00ed v\u00fdzvou, kterou si spole\u010dnost X klade za c\u00edl, je r\u016fst placen\u00fdch profil\u016f a integrace AI chatbota s n\u00e1zvem <strong><a href=\"https:\/\/www.webmium.cz\/blog\/xai-odhaluje-grok-1\/\">Grok<\/a><\/strong>. <\/p>\n\n\n\n<figure class=\"wp-block-embed is-type-rich is-provider-twitter wp-block-embed-twitter\">\n<blockquote class=\"twitter-tweet\" data-width=\"500\" data-dnt=\"true\"><p lang=\"en\" dir=\"ltr\">This week, <a href=\"https:\/\/twitter.com\/xai?ref_src=twsrc%5Etfw\">@xAI<\/a> will open source Grok<\/p>&mdash; Elon Musk (@elonmusk) <a href=\"https:\/\/twitter.com\/elonmusk\/status\/1767108624038449405?ref_src=twsrc%5Etfw\">March 11, 2024<\/a><\/blockquote><script async src=\"https:\/\/platform.twitter.com\/widgets.js\" charset=\"utf-8\"><\/script>\n<\/figure>\n\n\n\n<p>Implementace a integrace tohoto chatbota do jej\u00edch slu\u017eeb by mohla zlep\u0161it interakci mezi u\u017eivateli a platformou, co\u017e by mohlo v\u00e9st k v\u011bt\u0161\u00edmu zapojen\u00ed a loajalit\u011b u\u017eivatel\u016f. <br>Zdrojem t\u011bchto informac\u00ed je <a href=\"https:\/\/ekonom.cz\/c1-67265890-nekorektni-grok-se-uci-na-siti-x-prichazeji-chatboti-kteri-budou-bavit\" target=\"_blank\" rel=\"noreferrer noopener\">\u010dl\u00e1nek<\/a> na webu ekonom.cz. <br><br>V sou\u010dasn\u00e9 dob\u011b je spole\u010dnost X p\u0159edev\u0161\u00edm vyz\u00fdv\u00e1na, aby se p\u0159izp\u016fsobila m\u011bn\u00edc\u00edmu se digit\u00e1ln\u00edmu prost\u0159ed\u00ed a byla schopna konkurovat nejen s tradi\u010dn\u00edmi, ale tak\u00e9 s nov\u011b p\u0159\u00edchoz\u00edmi hr\u00e1\u010di. <br><br>Jej\u00ed schopnost inovovat a p\u0159ijmout nov\u00e9 trendy bude kl\u00ed\u010dov\u00e1 pro jej\u00ed budouc\u00ed \u00fasp\u011bch a r\u016fst.<\/p>\n\n\n\n<h2 class=\"wp-block-heading\"><strong>Oslavte narozeniny Twitteru \/ X s Webmium!<\/strong><\/h2>\n\n\n\n<p>P\u0159ipojte se k oslav\u011b 18. narozenin Twitteru s n\u00e1mi! <br>Jako d\u00e1rek v\u00e1m nab\u00edz\u00edme 30 minutovou konzultaci online marketingu zdarma. <br>B\u011bhem n\u00ed probereme va\u0161e pot\u0159eby a porad\u00edme v\u00e1m, jak vyu\u017e\u00edt s\u00edlu soci\u00e1ln\u00edch s\u00edt\u00ed, v\u010detn\u011b X, pro propagaci va\u0161\u00ed zna\u010dky a osloven\u00ed nov\u00fdch z\u00e1kazn\u00edk\u016f. <br><br>Rezervujte si sv\u016fj term\u00edn je\u0161t\u011b dnes na <a href=\"https:\/\/calendly.com\/stepan-vlacil\/30min\" target=\"_blank\" rel=\"noreferrer noopener\">https:\/\/calendly.com\/stepan-vlacil\/30min<\/a>.<\/p>\n\n\n\n<p><strong>Nezapom\u011b\u0148te n\u00e1s sledovat na Twitteru.<\/strong><\/p>\n\n\n\n<figure class=\"wp-block-embed is-type-rich is-provider-twitter wp-block-embed-twitter\">\n<a class=\"twitter-timeline\" data-width=\"500\" data-height=\"750\" data-dnt=\"true\" href=\"https:\/\/twitter.com\/Webmium?ref_src=twsrc%5Etfw\">Tweets by Webmium<\/a><script async src=\"https:\/\/platform.twitter.com\/widgets.js\" charset=\"utf-8\"><\/script>\n<\/figure>\n","protected":false},"excerpt":{"rendered":"<p>Twitter slav\u00ed 18 narozeniny a jako dosp\u011bl\u00e9mu stoj\u00ed za to se pod\u00edvat na jeho historii i p\u0159\u00edpadnou budoucnost.<\/p>\n","protected":false},"author":1,"featured_media":3676,"comment_status":"open","ping_status":"open","sticky":false,"template":"","format":"standard","meta":{"_uag_custom_page_level_css":"","site-sidebar-layout":"default","site-content-layout":"","ast-site-content-layout":"","site-content-style":"default","site-sidebar-style":"default","ast-global-header-display":"","ast-banner-title-visibility":"","ast-main-header-display":"","ast-hfb-above-header-display":"","ast-hfb-below-header-display":"","ast-hfb-mobile-header-display":"","site-post-title":"","ast-breadcrumbs-content":"","ast-featured-img":"","footer-sml-layout":"","theme-transparent-header-meta":"","adv-header-id-meta":"","stick-header-meta":"","header-above-stick-meta":"","header-main-stick-meta":"","header-below-stick-meta":"","astra-migrate-meta-layouts":"default","ast-page-background-enabled":"default","ast-page-background-meta":{"desktop":{"background-color":"var(--ast-global-color-4)","background-image":"","background-repeat":"repeat","background-position":"center center","background-size":"auto","background-attachment":"scroll","background-type":"","background-media":"","overlay-type":"","overlay-color":"","overlay-opacity":"","overlay-gradient":""},"tablet":{"background-color":"","background-image":"","background-repeat":"repeat","background-position":"center center","background-size":"auto","background-attachment":"scroll","background-type":"","background-media":"","overlay-type":"","overlay-color":"","overlay-opacity":"","overlay-gradient":""},"mobile":{"background-color":"","background-image":"","background-repeat":"repeat","background-position":"center center","background-size":"auto","background-attachment":"scroll","background-type":"","background-media":"","overlay-type":"","overlay-color":"","overlay-opacity":"","overlay-gradient":""}},"ast-content-background-meta":{"desktop":{"background-color":"var(--ast-global-color-5)","background-image":"","background-repeat":"repeat","background-position":"center center","background-size":"auto","background-attachment":"scroll","background-type":"","background-media":"","overlay-type":"","overlay-color":"","overlay-opacity":"","overlay-gradient":""},"tablet":{"background-color":"var(--ast-global-color-5)","background-image":"","background-repeat":"repeat","background-position":"center center","background-size":"auto","background-attachment":"scroll","background-type":"","background-media":"","overlay-type":"","overlay-color":"","overlay-opacity":"","overlay-gradient":""},"mobile":{"background-color":"var(--ast-global-color-5)","background-image":"","background-repeat":"repeat","background-position":"center center","background-size":"auto","background-attachment":"scroll","background-type":"","background-media":"","overlay-type":"","overlay-color":"","overlay-opacity":"","overlay-gradient":""}},"footnotes":""},"categories":[5,9],"tags":[],"class_list":["post-3675","post","type-post","status-publish","format-standard","has-post-thumbnail","hentry","category-social-media","category-uz-to-vite"],"yoast_head":"<!-- This site is optimized with the Yoast SEO plugin v27.5 - https:\/\/yoast.com\/product\/yoast-seo-wordpress\/ -->\n<title>Twitter slav\u00ed 18 let! Od kr\u00e1tk\u00fdch zpr\u00e1vi\u010dek k platform\u011b - Blog Webmium.cz<\/title>\n<meta name=\"description\" content=\"Twitter slav\u00ed 18 narozeniny a jako dosp\u011bl\u00e9mu stoj\u00ed za to se pod\u00edvat na jeho historii i p\u0159\u00edpadnou budoucnost.\" \/>\n<meta name=\"robots\" content=\"index, follow, max-snippet:-1, max-image-preview:large, max-video-preview:-1\" \/>\n<link rel=\"canonical\" href=\"https:\/\/www.webmium.cz\/blog\/twitter-slavi-18-let\/\" \/>\n<meta property=\"og:locale\" content=\"cs_CZ\" \/>\n<meta property=\"og:type\" content=\"article\" \/>\n<meta property=\"og:title\" content=\"Twitter slav\u00ed 18 let! Od kr\u00e1tk\u00fdch zpr\u00e1vi\u010dek k platform\u011b - Blog Webmium.cz\" \/>\n<meta property=\"og:description\" content=\"Twitter slav\u00ed 18 narozeniny a jako dosp\u011bl\u00e9mu stoj\u00ed za to se pod\u00edvat na jeho historii i p\u0159\u00edpadnou budoucnost.\" \/>\n<meta property=\"og:url\" content=\"https:\/\/www.webmium.cz\/blog\/twitter-slavi-18-let\/\" \/>\n<meta property=\"og:site_name\" content=\"Blog Webmium.cz\" \/>\n<meta property=\"article:published_time\" content=\"2024-03-20T07:47:00+00:00\" \/>\n<meta property=\"article:modified_time\" content=\"2024-10-09T21:34:53+00:00\" \/>\n<meta property=\"og:image\" content=\"https:\/\/www.webmium.cz\/blog\/wp-content\/uploads\/2024\/03\/twitter.png\" \/>\n\t<meta property=\"og:image:width\" content=\"1200\" \/>\n\t<meta property=\"og:image:height\" content=\"628\" \/>\n\t<meta property=\"og:image:type\" content=\"image\/png\" \/>\n<meta name=\"author\" content=\"\u0160t\u011bp\u00e1n Vl\u00e1\u010dil\" \/>\n<meta name=\"twitter:card\" content=\"summary_large_image\" \/>\n<meta name=\"twitter:image\" content=\"https:\/\/www.webmium.cz\/blog\/wp-content\/uploads\/2024\/03\/twitter.png\" \/>\n<meta name=\"twitter:creator\" content=\"@Stepan_Vlacil\" \/>\n<meta name=\"twitter:label1\" content=\"Napsal(a)\" \/>\n\t<meta name=\"twitter:data1\" content=\"\u0160t\u011bp\u00e1n Vl\u00e1\u010dil\" \/>\n\t<meta name=\"twitter:label2\" content=\"Odhadovan\u00e1 doba \u010dten\u00ed\" \/>\n\t<meta name=\"twitter:data2\" content=\"7 minut\" \/>\n<script type=\"application\/ld+json\" class=\"yoast-schema-graph\">{\"@context\":\"https:\\\/\\\/schema.org\",\"@graph\":[{\"@type\":\"Article\",\"@id\":\"https:\\\/\\\/www.webmium.cz\\\/blog\\\/twitter-slavi-18-let\\\/#article\",\"isPartOf\":{\"@id\":\"https:\\\/\\\/www.webmium.cz\\\/blog\\\/twitter-slavi-18-let\\\/\"},\"author\":{\"name\":\"\u0160t\u011bp\u00e1n Vl\u00e1\u010dil\",\"@id\":\"https:\\\/\\\/www.webmium.cz\\\/blog\\\/#\\\/schema\\\/person\\\/598072b7acdb016185a8a6d84321d8c6\"},\"headline\":\"Twitter slav\u00ed 18 let! Od kr\u00e1tk\u00fdch zpr\u00e1vi\u010dek k platform\u011b ovliv\u0148uj\u00edc\u00ed sv\u011bt\",\"datePublished\":\"2024-03-20T07:47:00+00:00\",\"dateModified\":\"2024-10-09T21:34:53+00:00\",\"mainEntityOfPage\":{\"@id\":\"https:\\\/\\\/www.webmium.cz\\\/blog\\\/twitter-slavi-18-let\\\/\"},\"wordCount\":1724,\"commentCount\":0,\"publisher\":{\"@id\":\"https:\\\/\\\/www.webmium.cz\\\/blog\\\/#organization\"},\"image\":{\"@id\":\"https:\\\/\\\/www.webmium.cz\\\/blog\\\/twitter-slavi-18-let\\\/#primaryimage\"},\"thumbnailUrl\":\"https:\\\/\\\/www.webmium.cz\\\/blog\\\/wp-content\\\/uploads\\\/2024\\\/03\\\/elon-musk_twitter-x.png\",\"articleSection\":[\"social-media\",\"uz-to-vite\"],\"inLanguage\":\"cs\",\"potentialAction\":[{\"@type\":\"CommentAction\",\"name\":\"Comment\",\"target\":[\"https:\\\/\\\/www.webmium.cz\\\/blog\\\/twitter-slavi-18-let\\\/#respond\"]}]},{\"@type\":\"WebPage\",\"@id\":\"https:\\\/\\\/www.webmium.cz\\\/blog\\\/twitter-slavi-18-let\\\/\",\"url\":\"https:\\\/\\\/www.webmium.cz\\\/blog\\\/twitter-slavi-18-let\\\/\",\"name\":\"Twitter slav\u00ed 18 let! Od kr\u00e1tk\u00fdch zpr\u00e1vi\u010dek k platform\u011b - Blog Webmium.cz\",\"isPartOf\":{\"@id\":\"https:\\\/\\\/www.webmium.cz\\\/blog\\\/#website\"},\"primaryImageOfPage\":{\"@id\":\"https:\\\/\\\/www.webmium.cz\\\/blog\\\/twitter-slavi-18-let\\\/#primaryimage\"},\"image\":{\"@id\":\"https:\\\/\\\/www.webmium.cz\\\/blog\\\/twitter-slavi-18-let\\\/#primaryimage\"},\"thumbnailUrl\":\"https:\\\/\\\/www.webmium.cz\\\/blog\\\/wp-content\\\/uploads\\\/2024\\\/03\\\/elon-musk_twitter-x.png\",\"datePublished\":\"2024-03-20T07:47:00+00:00\",\"dateModified\":\"2024-10-09T21:34:53+00:00\",\"description\":\"Twitter slav\u00ed 18 narozeniny a jako dosp\u011bl\u00e9mu stoj\u00ed za to se pod\u00edvat na jeho historii i p\u0159\u00edpadnou budoucnost.\",\"breadcrumb\":{\"@id\":\"https:\\\/\\\/www.webmium.cz\\\/blog\\\/twitter-slavi-18-let\\\/#breadcrumb\"},\"inLanguage\":\"cs\",\"potentialAction\":[{\"@type\":\"ReadAction\",\"target\":[\"https:\\\/\\\/www.webmium.cz\\\/blog\\\/twitter-slavi-18-let\\\/\"]}]},{\"@type\":\"ImageObject\",\"inLanguage\":\"cs\",\"@id\":\"https:\\\/\\\/www.webmium.cz\\\/blog\\\/twitter-slavi-18-let\\\/#primaryimage\",\"url\":\"https:\\\/\\\/www.webmium.cz\\\/blog\\\/wp-content\\\/uploads\\\/2024\\\/03\\\/elon-musk_twitter-x.png\",\"contentUrl\":\"https:\\\/\\\/www.webmium.cz\\\/blog\\\/wp-content\\\/uploads\\\/2024\\\/03\\\/elon-musk_twitter-x.png\",\"width\":600,\"height\":180,\"caption\":\"Ai zobrazen\u00ed Elona Muska s logy Twitteru a X.\"},{\"@type\":\"BreadcrumbList\",\"@id\":\"https:\\\/\\\/www.webmium.cz\\\/blog\\\/twitter-slavi-18-let\\\/#breadcrumb\",\"itemListElement\":[{\"@type\":\"ListItem\",\"position\":1,\"name\":\"Dom\u016f\",\"item\":\"https:\\\/\\\/www.webmium.cz\\\/blog\\\/\"},{\"@type\":\"ListItem\",\"position\":2,\"name\":\"Twitter slav\u00ed 18 let! Od kr\u00e1tk\u00fdch zpr\u00e1vi\u010dek k platform\u011b ovliv\u0148uj\u00edc\u00ed sv\u011bt\"}]},{\"@type\":\"WebSite\",\"@id\":\"https:\\\/\\\/www.webmium.cz\\\/blog\\\/#website\",\"url\":\"https:\\\/\\\/www.webmium.cz\\\/blog\\\/\",\"name\":\"Blog Webmium.cz\",\"description\":\"Marketingov\u00e9 novinky a zpr\u00e1vy\",\"publisher\":{\"@id\":\"https:\\\/\\\/www.webmium.cz\\\/blog\\\/#organization\"},\"potentialAction\":[{\"@type\":\"SearchAction\",\"target\":{\"@type\":\"EntryPoint\",\"urlTemplate\":\"https:\\\/\\\/www.webmium.cz\\\/blog\\\/?s={search_term_string}\"},\"query-input\":{\"@type\":\"PropertyValueSpecification\",\"valueRequired\":true,\"valueName\":\"search_term_string\"}}],\"inLanguage\":\"cs\"},{\"@type\":\"Organization\",\"@id\":\"https:\\\/\\\/www.webmium.cz\\\/blog\\\/#organization\",\"name\":\"Blog Webmium.cz\",\"url\":\"https:\\\/\\\/www.webmium.cz\\\/blog\\\/\",\"logo\":{\"@type\":\"ImageObject\",\"inLanguage\":\"cs\",\"@id\":\"https:\\\/\\\/www.webmium.cz\\\/blog\\\/#\\\/schema\\\/logo\\\/image\\\/\",\"url\":\"https:\\\/\\\/www.webmium.cz\\\/blog\\\/wp-content\\\/uploads\\\/2023\\\/09\\\/webmium-zelene-blog.png\",\"contentUrl\":\"https:\\\/\\\/www.webmium.cz\\\/blog\\\/wp-content\\\/uploads\\\/2023\\\/09\\\/webmium-zelene-blog.png\",\"width\":480,\"height\":49,\"caption\":\"Blog Webmium.cz\"},\"image\":{\"@id\":\"https:\\\/\\\/www.webmium.cz\\\/blog\\\/#\\\/schema\\\/logo\\\/image\\\/\"}},{\"@type\":\"Person\",\"@id\":\"https:\\\/\\\/www.webmium.cz\\\/blog\\\/#\\\/schema\\\/person\\\/598072b7acdb016185a8a6d84321d8c6\",\"name\":\"\u0160t\u011bp\u00e1n Vl\u00e1\u010dil\",\"image\":{\"@type\":\"ImageObject\",\"inLanguage\":\"cs\",\"@id\":\"https:\\\/\\\/www.webmium.cz\\\/blog\\\/wp-content\\\/uploads\\\/2025\\\/08\\\/ja-2025-pruhledne.png\",\"url\":\"https:\\\/\\\/www.webmium.cz\\\/blog\\\/wp-content\\\/uploads\\\/2025\\\/08\\\/ja-2025-pruhledne.png\",\"contentUrl\":\"https:\\\/\\\/www.webmium.cz\\\/blog\\\/wp-content\\\/uploads\\\/2025\\\/08\\\/ja-2025-pruhledne.png\",\"caption\":\"\u0160t\u011bp\u00e1n Vl\u00e1\u010dil\"},\"description\":\"CMO Webmium.cz | pom\u00e1h\u00e1m podnikatel\u016fm r\u016fst \ud83d\udcc8 | PPC, SOCKY, SEO, WEB, AI | agiln\u00ed marketing\",\"sameAs\":[\"https:\\\/\\\/www.ppc-systemy.cz\",\"www.linkedin.com\\\/in\\\/stepanvlacil\",\"https:\\\/\\\/x.com\\\/Stepan_Vlacil\"],\"url\":\"https:\\\/\\\/www.webmium.cz\\\/blog\\\/author\\\/stepan-vlacil\\\/\"}]}<\/script>\n<!-- \/ Yoast SEO plugin. -->","yoast_head_json":{"title":"Twitter slav\u00ed 18 let! Od kr\u00e1tk\u00fdch zpr\u00e1vi\u010dek k platform\u011b - Blog Webmium.cz","description":"Twitter slav\u00ed 18 narozeniny a jako dosp\u011bl\u00e9mu stoj\u00ed za to se pod\u00edvat na jeho historii i p\u0159\u00edpadnou budoucnost.","robots":{"index":"index","follow":"follow","max-snippet":"max-snippet:-1","max-image-preview":"max-image-preview:large","max-video-preview":"max-video-preview:-1"},"canonical":"https:\/\/www.webmium.cz\/blog\/twitter-slavi-18-let\/","og_locale":"cs_CZ","og_type":"article","og_title":"Twitter slav\u00ed 18 let! Od kr\u00e1tk\u00fdch zpr\u00e1vi\u010dek k platform\u011b - Blog Webmium.cz","og_description":"Twitter slav\u00ed 18 narozeniny a jako dosp\u011bl\u00e9mu stoj\u00ed za to se pod\u00edvat na jeho historii i p\u0159\u00edpadnou budoucnost.","og_url":"https:\/\/www.webmium.cz\/blog\/twitter-slavi-18-let\/","og_site_name":"Blog Webmium.cz","article_published_time":"2024-03-20T07:47:00+00:00","article_modified_time":"2024-10-09T21:34:53+00:00","og_image":[{"width":1200,"height":628,"url":"https:\/\/www.webmium.cz\/blog\/wp-content\/uploads\/2024\/03\/twitter.png","type":"image\/png"}],"author":"\u0160t\u011bp\u00e1n Vl\u00e1\u010dil","twitter_card":"summary_large_image","twitter_image":"https:\/\/www.webmium.cz\/blog\/wp-content\/uploads\/2024\/03\/twitter.png","twitter_creator":"@Stepan_Vlacil","twitter_misc":{"Napsal(a)":"\u0160t\u011bp\u00e1n Vl\u00e1\u010dil","Odhadovan\u00e1 doba \u010dten\u00ed":"7 minut"},"schema":{"@context":"https:\/\/schema.org","@graph":[{"@type":"Article","@id":"https:\/\/www.webmium.cz\/blog\/twitter-slavi-18-let\/#article","isPartOf":{"@id":"https:\/\/www.webmium.cz\/blog\/twitter-slavi-18-let\/"},"author":{"name":"\u0160t\u011bp\u00e1n Vl\u00e1\u010dil","@id":"https:\/\/www.webmium.cz\/blog\/#\/schema\/person\/598072b7acdb016185a8a6d84321d8c6"},"headline":"Twitter slav\u00ed 18 let! Od kr\u00e1tk\u00fdch zpr\u00e1vi\u010dek k platform\u011b ovliv\u0148uj\u00edc\u00ed sv\u011bt","datePublished":"2024-03-20T07:47:00+00:00","dateModified":"2024-10-09T21:34:53+00:00","mainEntityOfPage":{"@id":"https:\/\/www.webmium.cz\/blog\/twitter-slavi-18-let\/"},"wordCount":1724,"commentCount":0,"publisher":{"@id":"https:\/\/www.webmium.cz\/blog\/#organization"},"image":{"@id":"https:\/\/www.webmium.cz\/blog\/twitter-slavi-18-let\/#primaryimage"},"thumbnailUrl":"https:\/\/www.webmium.cz\/blog\/wp-content\/uploads\/2024\/03\/elon-musk_twitter-x.png","articleSection":["social-media","uz-to-vite"],"inLanguage":"cs","potentialAction":[{"@type":"CommentAction","name":"Comment","target":["https:\/\/www.webmium.cz\/blog\/twitter-slavi-18-let\/#respond"]}]},{"@type":"WebPage","@id":"https:\/\/www.webmium.cz\/blog\/twitter-slavi-18-let\/","url":"https:\/\/www.webmium.cz\/blog\/twitter-slavi-18-let\/","name":"Twitter slav\u00ed 18 let! Od kr\u00e1tk\u00fdch zpr\u00e1vi\u010dek k platform\u011b - Blog Webmium.cz","isPartOf":{"@id":"https:\/\/www.webmium.cz\/blog\/#website"},"primaryImageOfPage":{"@id":"https:\/\/www.webmium.cz\/blog\/twitter-slavi-18-let\/#primaryimage"},"image":{"@id":"https:\/\/www.webmium.cz\/blog\/twitter-slavi-18-let\/#primaryimage"},"thumbnailUrl":"https:\/\/www.webmium.cz\/blog\/wp-content\/uploads\/2024\/03\/elon-musk_twitter-x.png","datePublished":"2024-03-20T07:47:00+00:00","dateModified":"2024-10-09T21:34:53+00:00","description":"Twitter slav\u00ed 18 narozeniny a jako dosp\u011bl\u00e9mu stoj\u00ed za to se pod\u00edvat na jeho historii i p\u0159\u00edpadnou budoucnost.","breadcrumb":{"@id":"https:\/\/www.webmium.cz\/blog\/twitter-slavi-18-let\/#breadcrumb"},"inLanguage":"cs","potentialAction":[{"@type":"ReadAction","target":["https:\/\/www.webmium.cz\/blog\/twitter-slavi-18-let\/"]}]},{"@type":"ImageObject","inLanguage":"cs","@id":"https:\/\/www.webmium.cz\/blog\/twitter-slavi-18-let\/#primaryimage","url":"https:\/\/www.webmium.cz\/blog\/wp-content\/uploads\/2024\/03\/elon-musk_twitter-x.png","contentUrl":"https:\/\/www.webmium.cz\/blog\/wp-content\/uploads\/2024\/03\/elon-musk_twitter-x.png","width":600,"height":180,"caption":"Ai zobrazen\u00ed Elona Muska s logy Twitteru a X."},{"@type":"BreadcrumbList","@id":"https:\/\/www.webmium.cz\/blog\/twitter-slavi-18-let\/#breadcrumb","itemListElement":[{"@type":"ListItem","position":1,"name":"Dom\u016f","item":"https:\/\/www.webmium.cz\/blog\/"},{"@type":"ListItem","position":2,"name":"Twitter slav\u00ed 18 let! Od kr\u00e1tk\u00fdch zpr\u00e1vi\u010dek k platform\u011b ovliv\u0148uj\u00edc\u00ed sv\u011bt"}]},{"@type":"WebSite","@id":"https:\/\/www.webmium.cz\/blog\/#website","url":"https:\/\/www.webmium.cz\/blog\/","name":"Blog Webmium.cz","description":"Marketingov\u00e9 novinky a zpr\u00e1vy","publisher":{"@id":"https:\/\/www.webmium.cz\/blog\/#organization"},"potentialAction":[{"@type":"SearchAction","target":{"@type":"EntryPoint","urlTemplate":"https:\/\/www.webmium.cz\/blog\/?s={search_term_string}"},"query-input":{"@type":"PropertyValueSpecification","valueRequired":true,"valueName":"search_term_string"}}],"inLanguage":"cs"},{"@type":"Organization","@id":"https:\/\/www.webmium.cz\/blog\/#organization","name":"Blog Webmium.cz","url":"https:\/\/www.webmium.cz\/blog\/","logo":{"@type":"ImageObject","inLanguage":"cs","@id":"https:\/\/www.webmium.cz\/blog\/#\/schema\/logo\/image\/","url":"https:\/\/www.webmium.cz\/blog\/wp-content\/uploads\/2023\/09\/webmium-zelene-blog.png","contentUrl":"https:\/\/www.webmium.cz\/blog\/wp-content\/uploads\/2023\/09\/webmium-zelene-blog.png","width":480,"height":49,"caption":"Blog Webmium.cz"},"image":{"@id":"https:\/\/www.webmium.cz\/blog\/#\/schema\/logo\/image\/"}},{"@type":"Person","@id":"https:\/\/www.webmium.cz\/blog\/#\/schema\/person\/598072b7acdb016185a8a6d84321d8c6","name":"\u0160t\u011bp\u00e1n Vl\u00e1\u010dil","image":{"@type":"ImageObject","inLanguage":"cs","@id":"https:\/\/www.webmium.cz\/blog\/wp-content\/uploads\/2025\/08\/ja-2025-pruhledne.png","url":"https:\/\/www.webmium.cz\/blog\/wp-content\/uploads\/2025\/08\/ja-2025-pruhledne.png","contentUrl":"https:\/\/www.webmium.cz\/blog\/wp-content\/uploads\/2025\/08\/ja-2025-pruhledne.png","caption":"\u0160t\u011bp\u00e1n Vl\u00e1\u010dil"},"description":"CMO Webmium.cz | pom\u00e1h\u00e1m podnikatel\u016fm r\u016fst \ud83d\udcc8 | PPC, SOCKY, SEO, WEB, AI | agiln\u00ed marketing","sameAs":["https:\/\/www.ppc-systemy.cz","www.linkedin.com\/in\/stepanvlacil","https:\/\/x.com\/Stepan_Vlacil"],"url":"https:\/\/www.webmium.cz\/blog\/author\/stepan-vlacil\/"}]}},"uagb_featured_image_src":{"full":["https:\/\/www.webmium.cz\/blog\/wp-content\/uploads\/2024\/03\/elon-musk_twitter-x.png",600,180,false],"thumbnail":["https:\/\/www.webmium.cz\/blog\/wp-content\/uploads\/2024\/03\/elon-musk_twitter-x-150x150.png",150,150,true],"medium":["https:\/\/www.webmium.cz\/blog\/wp-content\/uploads\/2024\/03\/elon-musk_twitter-x-300x90.png",300,90,true],"medium_large":["https:\/\/www.webmium.cz\/blog\/wp-content\/uploads\/2024\/03\/elon-musk_twitter-x.png",600,180,false],"large":["https:\/\/www.webmium.cz\/blog\/wp-content\/uploads\/2024\/03\/elon-musk_twitter-x.png",600,180,false],"1536x1536":["https:\/\/www.webmium.cz\/blog\/wp-content\/uploads\/2024\/03\/elon-musk_twitter-x.png",600,180,false],"2048x2048":["https:\/\/www.webmium.cz\/blog\/wp-content\/uploads\/2024\/03\/elon-musk_twitter-x.png",600,180,false],"authorship-box-avatar":["https:\/\/www.webmium.cz\/blog\/wp-content\/uploads\/2024\/03\/elon-musk_twitter-x.png",150,45,false],"authorship-box-related":["https:\/\/www.webmium.cz\/blog\/wp-content\/uploads\/2024\/03\/elon-musk_twitter-x.png",70,21,false]},"uagb_author_info":{"display_name":"\u0160t\u011bp\u00e1n Vl\u00e1\u010dil","author_link":"https:\/\/www.webmium.cz\/blog\/author\/stepan-vlacil\/"},"uagb_comment_info":16,"uagb_excerpt":"Twitter slav\u00ed 18 narozeniny a jako dosp\u011bl\u00e9mu stoj\u00ed za to se pod\u00edvat na jeho historii i p\u0159\u00edpadnou budoucnost.","_links":{"self":[{"href":"https:\/\/www.webmium.cz\/blog\/wp-json\/wp\/v2\/posts\/3675","targetHints":{"allow":["GET"]}}],"collection":[{"href":"https:\/\/www.webmium.cz\/blog\/wp-json\/wp\/v2\/posts"}],"about":[{"href":"https:\/\/www.webmium.cz\/blog\/wp-json\/wp\/v2\/types\/post"}],"author":[{"embeddable":true,"href":"https:\/\/www.webmium.cz\/blog\/wp-json\/wp\/v2\/users\/1"}],"replies":[{"embeddable":true,"href":"https:\/\/www.webmium.cz\/blog\/wp-json\/wp\/v2\/comments?post=3675"}],"version-history":[{"count":13,"href":"https:\/\/www.webmium.cz\/blog\/wp-json\/wp\/v2\/posts\/3675\/revisions"}],"predecessor-version":[{"id":4219,"href":"https:\/\/www.webmium.cz\/blog\/wp-json\/wp\/v2\/posts\/3675\/revisions\/4219"}],"wp:featuredmedia":[{"embeddable":true,"href":"https:\/\/www.webmium.cz\/blog\/wp-json\/wp\/v2\/media\/3676"}],"wp:attachment":[{"href":"https:\/\/www.webmium.cz\/blog\/wp-json\/wp\/v2\/media?parent=3675"}],"wp:term":[{"taxonomy":"category","embeddable":true,"href":"https:\/\/www.webmium.cz\/blog\/wp-json\/wp\/v2\/categories?post=3675"},{"taxonomy":"post_tag","embeddable":true,"href":"https:\/\/www.webmium.cz\/blog\/wp-json\/wp\/v2\/tags?post=3675"}],"curies":[{"name":"wp","href":"https:\/\/api.w.org\/{rel}","templated":true}]}}