{"id":3393,"date":"2019-04-24T08:54:05","date_gmt":"2019-04-24T06:54:05","guid":{"rendered":"http:\/\/wptest.nexum.cz\/ochrana-osobnich-udaju-a-gdpr\/"},"modified":"2019-04-24T08:54:05","modified_gmt":"2019-04-24T06:54:05","slug":"ochrana-osobnich-udaju-a-gdpr","status":"publish","type":"post","link":"https:\/\/www.webmium.cz\/blog\/ochrana-osobnich-udaju-a-gdpr\/","title":{"rendered":"Ochrana osobn\u00edch \u00fadaj\u016f a GDPR"},"content":{"rendered":"<p>Jen si eshopa\u0159i oddechli, jak pom\u011brn\u011b \u00fasp\u011b\u0161n\u011b zvl\u00e1dli EET, nad obzorem se za\u010d\u00ednaj\u00ed stahovat dal\u0161\u00ed mra\u010dna povinnost\u00ed. Tentokr\u00e1t t\u00fdkaj\u00edc\u00ed se <strong>zpracov\u00e1n\u00ed osobn\u00edch \u00fadaj\u016f<\/strong>. Ne\u017e ov\u0161em podlehnete panice, lehce v\u00e1s uklidn\u00edme. Toto na\u0159\u00edzen\u00ed vejde v\u00a0platnost a\u017e p\u0159\u00ed\u0161t\u00ed rok v\u00a0kv\u011btnu. Poj\u010fme se ale u\u017e te\u010f pod\u00edvat, \u010deho se nov\u00e1 sm\u011brnice Evropsk\u00e9 unie bude t\u00fdkat.<\/p>\n<h2><strong>General\u00a0Data\u00a0Protection\u00a0Regulation<\/strong><\/h2>\n<p>GDPR neboli <strong>Obecn\u00e9 na\u0159\u00edzen\u00ed na ochranu osobn\u00edch \u00fadaj\u016f<\/strong> m\u00e1 za \u00fakol v\u00a0cel\u00e9 Evrop\u011b sjednotit podm\u00ednky pro v\u0161echny firmy zpracov\u00e1vaj\u00edc\u00ed osobn\u00ed \u00fadaje z\u00e1kazn\u00edk\u016f, zam\u011bstnanc\u016f, ale i dodavatel\u016f nebo internetov\u00fdch u\u017eivatel\u016f, pohybuj\u00edc\u00edch se na jejich analyzovan\u00e9m webu.<\/p>\n<p>I nad\u00e1le bude tuto problematiku spravovat <a href=\"https:\/\/www.uoou.cz\/\" data-rt-link-type=\"external\" target=\"_blank\" rel=\"noopener\">\u00da\u0159ad pro ochranu osobn\u00edch \u00fadaj\u016f<\/a>. Pouze s\u00a0nov\u00fdmi pravomocemi, kter\u00e9 vypl\u00fdvaj\u00ed z\u00a0reformy. Nov\u011b bude \u010d\u00e1ste\u010dn\u011b pod\u0159\u00edzen i Evropsk\u00e9mu sboru pro ochranu osobn\u00edch \u00fadaj\u016f.<\/p>\n<h3><strong>Co se 25. kv\u011btna 2018 zm\u011bn\u00ed?<\/strong><\/h3>\n<p>Z\u00e1kladn\u00ed principy <strong>schra\u0148ov\u00e1n\u00ed osobn\u00edch dat<\/strong> z\u016fstanou stejn\u00e9. Spr\u00e1vcovstv\u00ed, konkr\u00e9tn\u00ed vymezen\u00ed osobn\u00edch \u00fadaj\u016f \u010di zpracov\u00e1n\u00ed spamu z\u016fstane nedot\u010deno. Na prvn\u00ed pohled se m\u016f\u017ee zd\u00e1t, \u017ee eshop\u016f se nijak v\u00fdrazn\u011b zm\u011bna nedotkne. Co\u017e je pravda, ale\u2026<\/p>\n<p>Jist\u00e9 zm\u011bny nastanou v\u00a0oblasti p\u0159enesen\u00ed d\u016fkazn\u00edho b\u0159emene. Spr\u00e1vce \u00fadaj\u016f tak bude muset na vy\u017e\u00e1d\u00e1n\u00ed dok\u00e1zat, \u017ee data zpracov\u00e1v\u00e1 podle nov\u00fdch sm\u011brnic b\u011bhem cel\u00e9ho procesu. <\/p>\n<p><strong>Nejv\u00fdrazn\u011bj\u0161\u00ed zm\u011bna<\/strong> se t\u00fdk\u00e1 <strong>souhlasu se zpracov\u00e1n\u00edm osobn\u00edch \u00fadaj\u016f pro ka\u017ed\u00fd \u00fa\u010del jednotliv\u011b<\/strong>. U\u017e \u017e\u00e1dn\u00fd hromadn\u00fd souhlas, ale pro ka\u017edou aktivitu sm\u011brem k\u00a0z\u00e1kazn\u00edkovi hezky zvl\u00e1\u0161\u0165. Novinkou bude i mo\u017enost z\u00e1kazn\u00edka vzn\u00e9st n\u00e1mitku proti zpracov\u00e1n\u00ed sv\u00fdch dat.<\/p>\n<p>Pokud chcete b\u00fdt v obraze po celou dobu p\u0159\u00edprav GDPR a v\u010das p\u0159ipraveni na toto na\u0159\u00edzen\u00ed, <a href=\"#newsletter\" data-rt-link-type=\"section\" data-rt-link-domid=\"15228d7f-d15b-19b1-923d-bfabb225e6f1\">p\u0159ihlaste se<\/a> k odb\u011bru novinek. Budeme v\u00e1s v\u010das informovat.<\/p>\n<h3><strong>\u0160t\u011bst\u00ed p\u0159eje p\u0159ipraven\u00fdm<\/strong><\/h3>\n<p>GDPR bude m\u00edt dopad na provozovatele eshop\u016f. O tom nen\u00ed pochyb. Vy se ale nov\u00fdch legislativn\u00edch zm\u011bn ob\u00e1vat nemus\u00edte. Ne, kdy\u017e va\u0161e <a href=\"https:\/\/www.webmium.cz\/eshopy\" target=\"_blank\" data-rt-link-type=\"external\" rel=\"noopener\">eshopov\u00e9 \u0159e\u0161en\u00ed<\/a> provozujete spolu s\u00a0n\u00e1mi. Celou situaci kolem GDPR bedliv\u011b sledujeme a u\u017e te\u010f <strong>se zam\u00fd\u0161l\u00edme nad technick\u00fdm \u0159e\u0161en\u00edm<\/strong>, kter\u00e9 bude v eshopu tak automatizovan\u00e9, jako\u00a0EET. <\/p>\n<p>Vy je\u0161t\u011b nem\u00e1te <strong>Webmium eshop<\/strong>? Mo\u017en\u00e1 je nejvy\u0161\u0161\u00ed \u010das si ho alespo\u0148 <a href=\"https:\/\/www.webmium.cz\/eshopy\" target=\"_blank\" data-rt-link-type=\"external\" rel=\"noopener\">vyzkou\u0161et<\/a>. A to zcela zdarma a bez omezen\u00ed!<\/p>\n<p>Dozv\u011bd\u011bli jste se v \u010dl\u00e1nku u\u017eite\u010dn\u00e9 informace? Sd\u00edlejte ho s ostatn\u00edmi.<\/p>\n","protected":false},"excerpt":{"rendered":"<p>Poj\u010fme se pod\u00edvat, \u010deho se nov\u00e1 sm\u011brnice Evropsk\u00e9 unie o ochran\u011b osobn\u00edch \u00fadaj\u016f bude t\u00fdkat.<\/p>\n","protected":false},"author":18,"featured_media":3394,"comment_status":"open","ping_status":"open","sticky":false,"template":"","format":"standard","meta":{"_uag_custom_page_level_css":"","site-sidebar-layout":"default","site-content-layout":"","ast-site-content-layout":"","site-content-style":"default","site-sidebar-style":"default","ast-global-header-display":"","ast-banner-title-visibility":"","ast-main-header-display":"","ast-hfb-above-header-display":"","ast-hfb-below-header-display":"","ast-hfb-mobile-header-display":"","site-post-title":"","ast-breadcrumbs-content":"","ast-featured-img":"","footer-sml-layout":"","theme-transparent-header-meta":"","adv-header-id-meta":"","stick-header-meta":"","header-above-stick-meta":"","header-main-stick-meta":"","header-below-stick-meta":"","astra-migrate-meta-layouts":"default","ast-page-background-enabled":"default","ast-page-background-meta":{"desktop":{"background-color":"var(--ast-global-color-4)","background-image":"","background-repeat":"repeat","background-position":"center center","background-size":"auto","background-attachment":"scroll","background-type":"","background-media":"","overlay-type":"","overlay-color":"","overlay-opacity":"","overlay-gradient":""},"tablet":{"background-color":"","background-image":"","background-repeat":"repeat","background-position":"center center","background-size":"auto","background-attachment":"scroll","background-type":"","background-media":"","overlay-type":"","overlay-color":"","overlay-opacity":"","overlay-gradient":""},"mobile":{"background-color":"","background-image":"","background-repeat":"repeat","background-position":"center center","background-size":"auto","background-attachment":"scroll","background-type":"","background-media":"","overlay-type":"","overlay-color":"","overlay-opacity":"","overlay-gradient":""}},"ast-content-background-meta":{"desktop":{"background-color":"var(--ast-global-color-5)","background-image":"","background-repeat":"repeat","background-position":"center center","background-size":"auto","background-attachment":"scroll","background-type":"","background-media":"","overlay-type":"","overlay-color":"","overlay-opacity":"","overlay-gradient":""},"tablet":{"background-color":"var(--ast-global-color-5)","background-image":"","background-repeat":"repeat","background-position":"center center","background-size":"auto","background-attachment":"scroll","background-type":"","background-media":"","overlay-type":"","overlay-color":"","overlay-opacity":"","overlay-gradient":""},"mobile":{"background-color":"var(--ast-global-color-5)","background-image":"","background-repeat":"repeat","background-position":"center center","background-size":"auto","background-attachment":"scroll","background-type":"","background-media":"","overlay-type":"","overlay-color":"","overlay-opacity":"","overlay-gradient":""}},"footnotes":""},"categories":[3],"tags":[],"class_list":["post-3393","post","type-post","status-publish","format-standard","has-post-thumbnail","hentry","category-tipy-rady-a-novinky"],"yoast_head":"<!-- This site is optimized with the Yoast SEO plugin v27.5 - https:\/\/yoast.com\/product\/yoast-seo-wordpress\/ -->\n<title>Ochrana osobn\u00edch \u00fadaj\u016f a GDPR<\/title>\n<meta name=\"description\" content=\"Poj\u010fme se pod\u00edvat, \u010deho se nov\u00e1 sm\u011brnice Evropsk\u00e9 unie o ochran\u011b osobn\u00edch \u00fadaj\u016f bude t\u00fdkat.\" \/>\n<meta name=\"robots\" content=\"index, follow, max-snippet:-1, max-image-preview:large, max-video-preview:-1\" \/>\n<link rel=\"canonical\" href=\"https:\/\/www.webmium.cz\/blog\/ochrana-osobnich-udaju-a-gdpr\/\" \/>\n<meta property=\"og:locale\" content=\"cs_CZ\" \/>\n<meta property=\"og:type\" content=\"article\" \/>\n<meta property=\"og:title\" content=\"Ochrana osobn\u00edch \u00fadaj\u016f a GDPR\" \/>\n<meta property=\"og:description\" content=\"Poj\u010fme se pod\u00edvat, \u010deho se nov\u00e1 sm\u011brnice Evropsk\u00e9 unie o ochran\u011b osobn\u00edch \u00fadaj\u016f bude t\u00fdkat.\" \/>\n<meta property=\"og:url\" content=\"https:\/\/www.webmium.cz\/blog\/ochrana-osobnich-udaju-a-gdpr\/\" \/>\n<meta property=\"og:site_name\" content=\"Blog Webmium.cz\" \/>\n<meta property=\"article:published_time\" content=\"2019-04-24T06:54:05+00:00\" \/>\n<meta property=\"og:image\" content=\"https:\/\/www.webmium.cz\/blog\/wp-content\/uploads\/2023\/10\/58f5fed17504843d53fe7530_Ochrana-osobnich-udaju-blog-2.png\" \/>\n\t<meta property=\"og:image:width\" content=\"600\" \/>\n\t<meta property=\"og:image:height\" content=\"180\" \/>\n\t<meta property=\"og:image:type\" content=\"image\/png\" \/>\n<meta name=\"author\" content=\"Martina \u017d\u00e1kov\u00e1\" \/>\n<meta name=\"twitter:card\" content=\"summary_large_image\" \/>\n<meta name=\"twitter:label1\" content=\"Napsal(a)\" \/>\n\t<meta name=\"twitter:data1\" content=\"Martina \u017d\u00e1kov\u00e1\" \/>\n\t<meta name=\"twitter:label2\" content=\"Odhadovan\u00e1 doba \u010dten\u00ed\" \/>\n\t<meta name=\"twitter:data2\" content=\"2 minuty\" \/>\n<script type=\"application\/ld+json\" class=\"yoast-schema-graph\">{\"@context\":\"https:\\\/\\\/schema.org\",\"@graph\":[{\"@type\":\"Article\",\"@id\":\"https:\\\/\\\/www.webmium.cz\\\/blog\\\/ochrana-osobnich-udaju-a-gdpr\\\/#article\",\"isPartOf\":{\"@id\":\"https:\\\/\\\/www.webmium.cz\\\/blog\\\/ochrana-osobnich-udaju-a-gdpr\\\/\"},\"author\":{\"name\":\"Martina \u017d\u00e1kov\u00e1\",\"@id\":\"https:\\\/\\\/www.webmium.cz\\\/blog\\\/#\\\/schema\\\/person\\\/333d0eb8637e43ea9c16a1d33f868978\"},\"headline\":\"Ochrana osobn\u00edch \u00fadaj\u016f a GDPR\",\"datePublished\":\"2019-04-24T06:54:05+00:00\",\"mainEntityOfPage\":{\"@id\":\"https:\\\/\\\/www.webmium.cz\\\/blog\\\/ochrana-osobnich-udaju-a-gdpr\\\/\"},\"wordCount\":470,\"commentCount\":0,\"publisher\":{\"@id\":\"https:\\\/\\\/www.webmium.cz\\\/blog\\\/#organization\"},\"image\":{\"@id\":\"https:\\\/\\\/www.webmium.cz\\\/blog\\\/ochrana-osobnich-udaju-a-gdpr\\\/#primaryimage\"},\"thumbnailUrl\":\"https:\\\/\\\/www.webmium.cz\\\/blog\\\/wp-content\\\/uploads\\\/2023\\\/10\\\/58f5fed17504843d53fe7530_Ochrana-osobnich-udaju-blog-2.png\",\"articleSection\":[\"tipy-rady-a-novinky\"],\"inLanguage\":\"cs\",\"potentialAction\":[{\"@type\":\"CommentAction\",\"name\":\"Comment\",\"target\":[\"https:\\\/\\\/www.webmium.cz\\\/blog\\\/ochrana-osobnich-udaju-a-gdpr\\\/#respond\"]}]},{\"@type\":\"WebPage\",\"@id\":\"https:\\\/\\\/www.webmium.cz\\\/blog\\\/ochrana-osobnich-udaju-a-gdpr\\\/\",\"url\":\"https:\\\/\\\/www.webmium.cz\\\/blog\\\/ochrana-osobnich-udaju-a-gdpr\\\/\",\"name\":\"Ochrana osobn\u00edch \u00fadaj\u016f a GDPR\",\"isPartOf\":{\"@id\":\"https:\\\/\\\/www.webmium.cz\\\/blog\\\/#website\"},\"primaryImageOfPage\":{\"@id\":\"https:\\\/\\\/www.webmium.cz\\\/blog\\\/ochrana-osobnich-udaju-a-gdpr\\\/#primaryimage\"},\"image\":{\"@id\":\"https:\\\/\\\/www.webmium.cz\\\/blog\\\/ochrana-osobnich-udaju-a-gdpr\\\/#primaryimage\"},\"thumbnailUrl\":\"https:\\\/\\\/www.webmium.cz\\\/blog\\\/wp-content\\\/uploads\\\/2023\\\/10\\\/58f5fed17504843d53fe7530_Ochrana-osobnich-udaju-blog-2.png\",\"datePublished\":\"2019-04-24T06:54:05+00:00\",\"description\":\"Poj\u010fme se pod\u00edvat, \u010deho se nov\u00e1 sm\u011brnice Evropsk\u00e9 unie o ochran\u011b osobn\u00edch \u00fadaj\u016f bude t\u00fdkat.\",\"breadcrumb\":{\"@id\":\"https:\\\/\\\/www.webmium.cz\\\/blog\\\/ochrana-osobnich-udaju-a-gdpr\\\/#breadcrumb\"},\"inLanguage\":\"cs\",\"potentialAction\":[{\"@type\":\"ReadAction\",\"target\":[\"https:\\\/\\\/www.webmium.cz\\\/blog\\\/ochrana-osobnich-udaju-a-gdpr\\\/\"]}]},{\"@type\":\"ImageObject\",\"inLanguage\":\"cs\",\"@id\":\"https:\\\/\\\/www.webmium.cz\\\/blog\\\/ochrana-osobnich-udaju-a-gdpr\\\/#primaryimage\",\"url\":\"https:\\\/\\\/www.webmium.cz\\\/blog\\\/wp-content\\\/uploads\\\/2023\\\/10\\\/58f5fed17504843d53fe7530_Ochrana-osobnich-udaju-blog-2.png\",\"contentUrl\":\"https:\\\/\\\/www.webmium.cz\\\/blog\\\/wp-content\\\/uploads\\\/2023\\\/10\\\/58f5fed17504843d53fe7530_Ochrana-osobnich-udaju-blog-2.png\",\"width\":600,\"height\":180},{\"@type\":\"BreadcrumbList\",\"@id\":\"https:\\\/\\\/www.webmium.cz\\\/blog\\\/ochrana-osobnich-udaju-a-gdpr\\\/#breadcrumb\",\"itemListElement\":[{\"@type\":\"ListItem\",\"position\":1,\"name\":\"Dom\u016f\",\"item\":\"https:\\\/\\\/www.webmium.cz\\\/blog\\\/\"},{\"@type\":\"ListItem\",\"position\":2,\"name\":\"Ochrana osobn\u00edch \u00fadaj\u016f a GDPR\"}]},{\"@type\":\"WebSite\",\"@id\":\"https:\\\/\\\/www.webmium.cz\\\/blog\\\/#website\",\"url\":\"https:\\\/\\\/www.webmium.cz\\\/blog\\\/\",\"name\":\"Blog Webmium.cz\",\"description\":\"Marketingov\u00e9 novinky a zpr\u00e1vy\",\"publisher\":{\"@id\":\"https:\\\/\\\/www.webmium.cz\\\/blog\\\/#organization\"},\"potentialAction\":[{\"@type\":\"SearchAction\",\"target\":{\"@type\":\"EntryPoint\",\"urlTemplate\":\"https:\\\/\\\/www.webmium.cz\\\/blog\\\/?s={search_term_string}\"},\"query-input\":{\"@type\":\"PropertyValueSpecification\",\"valueRequired\":true,\"valueName\":\"search_term_string\"}}],\"inLanguage\":\"cs\"},{\"@type\":\"Organization\",\"@id\":\"https:\\\/\\\/www.webmium.cz\\\/blog\\\/#organization\",\"name\":\"Blog Webmium.cz\",\"url\":\"https:\\\/\\\/www.webmium.cz\\\/blog\\\/\",\"logo\":{\"@type\":\"ImageObject\",\"inLanguage\":\"cs\",\"@id\":\"https:\\\/\\\/www.webmium.cz\\\/blog\\\/#\\\/schema\\\/logo\\\/image\\\/\",\"url\":\"https:\\\/\\\/www.webmium.cz\\\/blog\\\/wp-content\\\/uploads\\\/2023\\\/09\\\/webmium-zelene-blog.png\",\"contentUrl\":\"https:\\\/\\\/www.webmium.cz\\\/blog\\\/wp-content\\\/uploads\\\/2023\\\/09\\\/webmium-zelene-blog.png\",\"width\":480,\"height\":49,\"caption\":\"Blog Webmium.cz\"},\"image\":{\"@id\":\"https:\\\/\\\/www.webmium.cz\\\/blog\\\/#\\\/schema\\\/logo\\\/image\\\/\"}},{\"@type\":\"Person\",\"@id\":\"https:\\\/\\\/www.webmium.cz\\\/blog\\\/#\\\/schema\\\/person\\\/333d0eb8637e43ea9c16a1d33f868978\",\"name\":\"Martina \u017d\u00e1kov\u00e1\",\"image\":{\"@type\":\"ImageObject\",\"inLanguage\":\"cs\",\"@id\":\"https:\\\/\\\/secure.gravatar.com\\\/avatar\\\/f120ef08e91730921fccea0c65269c0d144ccc40be304e9de012e8894ce03049?s=96&r=g\",\"url\":\"https:\\\/\\\/secure.gravatar.com\\\/avatar\\\/f120ef08e91730921fccea0c65269c0d144ccc40be304e9de012e8894ce03049?s=96&r=g\",\"contentUrl\":\"https:\\\/\\\/secure.gravatar.com\\\/avatar\\\/f120ef08e91730921fccea0c65269c0d144ccc40be304e9de012e8894ce03049?s=96&r=g\",\"caption\":\"Martina \u017d\u00e1kov\u00e1\"},\"url\":\"https:\\\/\\\/www.webmium.cz\\\/blog\\\/author\\\/martina\\\/\"}]}<\/script>\n<!-- \/ Yoast SEO plugin. -->","yoast_head_json":{"title":"Ochrana osobn\u00edch \u00fadaj\u016f a GDPR","description":"Poj\u010fme se pod\u00edvat, \u010deho se nov\u00e1 sm\u011brnice Evropsk\u00e9 unie o ochran\u011b osobn\u00edch \u00fadaj\u016f bude t\u00fdkat.","robots":{"index":"index","follow":"follow","max-snippet":"max-snippet:-1","max-image-preview":"max-image-preview:large","max-video-preview":"max-video-preview:-1"},"canonical":"https:\/\/www.webmium.cz\/blog\/ochrana-osobnich-udaju-a-gdpr\/","og_locale":"cs_CZ","og_type":"article","og_title":"Ochrana osobn\u00edch \u00fadaj\u016f a GDPR","og_description":"Poj\u010fme se pod\u00edvat, \u010deho se nov\u00e1 sm\u011brnice Evropsk\u00e9 unie o ochran\u011b osobn\u00edch \u00fadaj\u016f bude t\u00fdkat.","og_url":"https:\/\/www.webmium.cz\/blog\/ochrana-osobnich-udaju-a-gdpr\/","og_site_name":"Blog Webmium.cz","article_published_time":"2019-04-24T06:54:05+00:00","og_image":[{"width":600,"height":180,"url":"https:\/\/www.webmium.cz\/blog\/wp-content\/uploads\/2023\/10\/58f5fed17504843d53fe7530_Ochrana-osobnich-udaju-blog-2.png","type":"image\/png"}],"author":"Martina \u017d\u00e1kov\u00e1","twitter_card":"summary_large_image","twitter_misc":{"Napsal(a)":"Martina \u017d\u00e1kov\u00e1","Odhadovan\u00e1 doba \u010dten\u00ed":"2 minuty"},"schema":{"@context":"https:\/\/schema.org","@graph":[{"@type":"Article","@id":"https:\/\/www.webmium.cz\/blog\/ochrana-osobnich-udaju-a-gdpr\/#article","isPartOf":{"@id":"https:\/\/www.webmium.cz\/blog\/ochrana-osobnich-udaju-a-gdpr\/"},"author":{"name":"Martina \u017d\u00e1kov\u00e1","@id":"https:\/\/www.webmium.cz\/blog\/#\/schema\/person\/333d0eb8637e43ea9c16a1d33f868978"},"headline":"Ochrana osobn\u00edch \u00fadaj\u016f a GDPR","datePublished":"2019-04-24T06:54:05+00:00","mainEntityOfPage":{"@id":"https:\/\/www.webmium.cz\/blog\/ochrana-osobnich-udaju-a-gdpr\/"},"wordCount":470,"commentCount":0,"publisher":{"@id":"https:\/\/www.webmium.cz\/blog\/#organization"},"image":{"@id":"https:\/\/www.webmium.cz\/blog\/ochrana-osobnich-udaju-a-gdpr\/#primaryimage"},"thumbnailUrl":"https:\/\/www.webmium.cz\/blog\/wp-content\/uploads\/2023\/10\/58f5fed17504843d53fe7530_Ochrana-osobnich-udaju-blog-2.png","articleSection":["tipy-rady-a-novinky"],"inLanguage":"cs","potentialAction":[{"@type":"CommentAction","name":"Comment","target":["https:\/\/www.webmium.cz\/blog\/ochrana-osobnich-udaju-a-gdpr\/#respond"]}]},{"@type":"WebPage","@id":"https:\/\/www.webmium.cz\/blog\/ochrana-osobnich-udaju-a-gdpr\/","url":"https:\/\/www.webmium.cz\/blog\/ochrana-osobnich-udaju-a-gdpr\/","name":"Ochrana osobn\u00edch \u00fadaj\u016f a GDPR","isPartOf":{"@id":"https:\/\/www.webmium.cz\/blog\/#website"},"primaryImageOfPage":{"@id":"https:\/\/www.webmium.cz\/blog\/ochrana-osobnich-udaju-a-gdpr\/#primaryimage"},"image":{"@id":"https:\/\/www.webmium.cz\/blog\/ochrana-osobnich-udaju-a-gdpr\/#primaryimage"},"thumbnailUrl":"https:\/\/www.webmium.cz\/blog\/wp-content\/uploads\/2023\/10\/58f5fed17504843d53fe7530_Ochrana-osobnich-udaju-blog-2.png","datePublished":"2019-04-24T06:54:05+00:00","description":"Poj\u010fme se pod\u00edvat, \u010deho se nov\u00e1 sm\u011brnice Evropsk\u00e9 unie o ochran\u011b osobn\u00edch \u00fadaj\u016f bude t\u00fdkat.","breadcrumb":{"@id":"https:\/\/www.webmium.cz\/blog\/ochrana-osobnich-udaju-a-gdpr\/#breadcrumb"},"inLanguage":"cs","potentialAction":[{"@type":"ReadAction","target":["https:\/\/www.webmium.cz\/blog\/ochrana-osobnich-udaju-a-gdpr\/"]}]},{"@type":"ImageObject","inLanguage":"cs","@id":"https:\/\/www.webmium.cz\/blog\/ochrana-osobnich-udaju-a-gdpr\/#primaryimage","url":"https:\/\/www.webmium.cz\/blog\/wp-content\/uploads\/2023\/10\/58f5fed17504843d53fe7530_Ochrana-osobnich-udaju-blog-2.png","contentUrl":"https:\/\/www.webmium.cz\/blog\/wp-content\/uploads\/2023\/10\/58f5fed17504843d53fe7530_Ochrana-osobnich-udaju-blog-2.png","width":600,"height":180},{"@type":"BreadcrumbList","@id":"https:\/\/www.webmium.cz\/blog\/ochrana-osobnich-udaju-a-gdpr\/#breadcrumb","itemListElement":[{"@type":"ListItem","position":1,"name":"Dom\u016f","item":"https:\/\/www.webmium.cz\/blog\/"},{"@type":"ListItem","position":2,"name":"Ochrana osobn\u00edch \u00fadaj\u016f a GDPR"}]},{"@type":"WebSite","@id":"https:\/\/www.webmium.cz\/blog\/#website","url":"https:\/\/www.webmium.cz\/blog\/","name":"Blog Webmium.cz","description":"Marketingov\u00e9 novinky a zpr\u00e1vy","publisher":{"@id":"https:\/\/www.webmium.cz\/blog\/#organization"},"potentialAction":[{"@type":"SearchAction","target":{"@type":"EntryPoint","urlTemplate":"https:\/\/www.webmium.cz\/blog\/?s={search_term_string}"},"query-input":{"@type":"PropertyValueSpecification","valueRequired":true,"valueName":"search_term_string"}}],"inLanguage":"cs"},{"@type":"Organization","@id":"https:\/\/www.webmium.cz\/blog\/#organization","name":"Blog Webmium.cz","url":"https:\/\/www.webmium.cz\/blog\/","logo":{"@type":"ImageObject","inLanguage":"cs","@id":"https:\/\/www.webmium.cz\/blog\/#\/schema\/logo\/image\/","url":"https:\/\/www.webmium.cz\/blog\/wp-content\/uploads\/2023\/09\/webmium-zelene-blog.png","contentUrl":"https:\/\/www.webmium.cz\/blog\/wp-content\/uploads\/2023\/09\/webmium-zelene-blog.png","width":480,"height":49,"caption":"Blog Webmium.cz"},"image":{"@id":"https:\/\/www.webmium.cz\/blog\/#\/schema\/logo\/image\/"}},{"@type":"Person","@id":"https:\/\/www.webmium.cz\/blog\/#\/schema\/person\/333d0eb8637e43ea9c16a1d33f868978","name":"Martina \u017d\u00e1kov\u00e1","image":{"@type":"ImageObject","inLanguage":"cs","@id":"https:\/\/secure.gravatar.com\/avatar\/f120ef08e91730921fccea0c65269c0d144ccc40be304e9de012e8894ce03049?s=96&r=g","url":"https:\/\/secure.gravatar.com\/avatar\/f120ef08e91730921fccea0c65269c0d144ccc40be304e9de012e8894ce03049?s=96&r=g","contentUrl":"https:\/\/secure.gravatar.com\/avatar\/f120ef08e91730921fccea0c65269c0d144ccc40be304e9de012e8894ce03049?s=96&r=g","caption":"Martina \u017d\u00e1kov\u00e1"},"url":"https:\/\/www.webmium.cz\/blog\/author\/martina\/"}]}},"uagb_featured_image_src":{"full":["https:\/\/www.webmium.cz\/blog\/wp-content\/uploads\/2023\/10\/58f5fed17504843d53fe7530_Ochrana-osobnich-udaju-blog-2.png",600,180,false],"thumbnail":["https:\/\/www.webmium.cz\/blog\/wp-content\/uploads\/2023\/10\/58f5fed17504843d53fe7530_Ochrana-osobnich-udaju-blog-2-150x150.png",150,150,true],"medium":["https:\/\/www.webmium.cz\/blog\/wp-content\/uploads\/2023\/10\/58f5fed17504843d53fe7530_Ochrana-osobnich-udaju-blog-2-300x90.png",300,90,true],"medium_large":["https:\/\/www.webmium.cz\/blog\/wp-content\/uploads\/2023\/10\/58f5fed17504843d53fe7530_Ochrana-osobnich-udaju-blog-2.png",600,180,false],"large":["https:\/\/www.webmium.cz\/blog\/wp-content\/uploads\/2023\/10\/58f5fed17504843d53fe7530_Ochrana-osobnich-udaju-blog-2.png",600,180,false],"1536x1536":["https:\/\/www.webmium.cz\/blog\/wp-content\/uploads\/2023\/10\/58f5fed17504843d53fe7530_Ochrana-osobnich-udaju-blog-2.png",600,180,false],"2048x2048":["https:\/\/www.webmium.cz\/blog\/wp-content\/uploads\/2023\/10\/58f5fed17504843d53fe7530_Ochrana-osobnich-udaju-blog-2.png",600,180,false],"authorship-box-avatar":["https:\/\/www.webmium.cz\/blog\/wp-content\/uploads\/2023\/10\/58f5fed17504843d53fe7530_Ochrana-osobnich-udaju-blog-2.png",150,45,false],"authorship-box-related":["https:\/\/www.webmium.cz\/blog\/wp-content\/uploads\/2023\/10\/58f5fed17504843d53fe7530_Ochrana-osobnich-udaju-blog-2.png",70,21,false]},"uagb_author_info":{"display_name":"Martina \u017d\u00e1kov\u00e1","author_link":"https:\/\/www.webmium.cz\/blog\/author\/martina\/"},"uagb_comment_info":3,"uagb_excerpt":"Poj\u010fme se pod\u00edvat, \u010deho se nov\u00e1 sm\u011brnice Evropsk\u00e9 unie o ochran\u011b osobn\u00edch \u00fadaj\u016f bude t\u00fdkat.","_links":{"self":[{"href":"https:\/\/www.webmium.cz\/blog\/wp-json\/wp\/v2\/posts\/3393","targetHints":{"allow":["GET"]}}],"collection":[{"href":"https:\/\/www.webmium.cz\/blog\/wp-json\/wp\/v2\/posts"}],"about":[{"href":"https:\/\/www.webmium.cz\/blog\/wp-json\/wp\/v2\/types\/post"}],"author":[{"embeddable":true,"href":"https:\/\/www.webmium.cz\/blog\/wp-json\/wp\/v2\/users\/18"}],"replies":[{"embeddable":true,"href":"https:\/\/www.webmium.cz\/blog\/wp-json\/wp\/v2\/comments?post=3393"}],"version-history":[{"count":0,"href":"https:\/\/www.webmium.cz\/blog\/wp-json\/wp\/v2\/posts\/3393\/revisions"}],"wp:featuredmedia":[{"embeddable":true,"href":"https:\/\/www.webmium.cz\/blog\/wp-json\/wp\/v2\/media\/3394"}],"wp:attachment":[{"href":"https:\/\/www.webmium.cz\/blog\/wp-json\/wp\/v2\/media?parent=3393"}],"wp:term":[{"taxonomy":"category","embeddable":true,"href":"https:\/\/www.webmium.cz\/blog\/wp-json\/wp\/v2\/categories?post=3393"},{"taxonomy":"post_tag","embeddable":true,"href":"https:\/\/www.webmium.cz\/blog\/wp-json\/wp\/v2\/tags?post=3393"}],"curies":[{"name":"wp","href":"https:\/\/api.w.org\/{rel}","templated":true}]}}