{"id":3322,"date":"2021-07-29T16:52:36","date_gmt":"2021-07-29T14:52:36","guid":{"rendered":"http:\/\/wptest.nexum.cz\/marketing-festival-prakticky-pri-strede-a-ctvrtku\/"},"modified":"2021-07-29T16:52:36","modified_gmt":"2021-07-29T14:52:36","slug":"marketing-festival-prakticky-pri-strede-a-ctvrtku","status":"publish","type":"post","link":"https:\/\/www.webmium.cz\/blog\/marketing-festival-prakticky-pri-strede-a-ctvrtku\/","title":{"rendered":"2+2: Marketing Festival prakticky p\u0159i st\u0159ed\u011b a \u010dtvrtku"},"content":{"rendered":"<p><strong>Marketing Festival<\/strong> je nejen pro n\u00e1s ud\u00e1lost roku, a tak jsme<br \/>\nnemohli chyb\u011bt. Letos skv\u011ble vybran\u00e9 m\u00edsto v\u00a0srdci r\u00e1zovit\u00e9ho regionu.<br \/>\nOstrava. P\u0159ivl\u00e1\u010dkovali jsme u\u017e ve st\u0159edu odpoledne, aby n\u00e1m neutekla\u00a0prakti\u010dt\u011bj\u0161\u00ed \u010d\u00e1st festivalu odehr\u00e1vaj\u00edc\u00ed se v\u00a0prvn\u00edch dvou dnech. Report<br \/>\nz\u00a0t\u00e9to p\u0159evelice nabit\u00e9 akce, pro n\u00e1s \u010dty\u0159denn\u00ed, rozd\u011bluji tedy na dv\u011b<br \/>\n\u010d\u00e1sti. Ka\u017ed\u00e1 shrnuje dva dny. Proto 2+2.<\/p>\n<figure class=\"w-richtext-align-fullwidth\" style=\"max-width: 100%;\" data-rt-type=\"image\" data-rt-align=\"fullwidth\" data-rt-max-width=\"\">\n<div><img decoding=\"async\" src=\"https:\/\/daks2k3a4ib2z.cloudfront.net\/5767b4eb3a9c9e1015d06770\/58107dde73b32a9e7a87bf2b_IMG_20161023_144312_HDR.jpg\" alt=\"Marketing festival\"><\/div><figcaption>Marketing Festival Ostrava 2016<\/figcaption><\/figure>\n<h2><strong>Posledn\u00ed st\u0159eda<br \/>\nH\u00e1jedni\u010dky<\/strong> v\u00a0HUBu<\/h2>\n<p>T\u00edm to cel\u00e9 za\u010dalo. Od Petra Vejr\u00e1\u017eky z\u00a0H1 jsme<br \/>\nse dozv\u011bd\u011bli, jak optimalizovat spu\u0161t\u011bn\u00e9 <strong>kampan\u011b<br \/>\nna soci\u00e1ln\u00edch s\u00edt\u00edch,<\/strong> a jak efektivn\u011b pracovat s\u00a0pr\u016fb\u011b\u017en\u00fdmi v\u00fdsledky.<br \/>\nVyu\u017e\u00edv\u00e1te zde v\u0161echny mo\u017enosti reklamn\u00edho placementu? A testujete vz\u00e1jemn\u011b<br \/>\njednotliv\u00e9 placementy? A\/B testov\u00e1n\u00ed je d\u016fle\u017eit\u00e9 hlavn\u011b na \u00farovni z\u00e1kaznick\u00fdch<br \/>\nsegment\u016f. Nespol\u00e9hejte na 1000 impres\u00ed od Facebooku. <\/p>\n<blockquote><p><em>&#8222;Vyu\u017eijte rozmanitost brandov\u00fdch form\u00e1t\u016f v\u00a0kombinaci s\u00a0konverzn\u00edmi<br \/>\nform\u00e1ty v\u0161ech soci\u00e1ln\u00edch s\u00edt\u00ed. Nezapome\u0148te v\u0161ak spr\u00e1vn\u011b dom\u011b\u0159it jejich impact.&#8220;<\/em><\/p><\/blockquote>\n<p>Cel\u00fd Petr\u016fv p\u0159ednes je ji\u017e k\u00a0m\u00e1n\u00ed online, <a data-rt-link-type=\"external\" target=\"_blank\" href=\"http:\/\/slideslive.com\/38898633\/some-sofistikovane\" rel=\"noopener\">mrkejte<\/a>. A<br \/>\npamatujte, \u017ee <strong>ohromn\u00fd boom reklam na Facebooku teprve p\u0159ijde!<\/strong><\/p>\n<p>Po chv\u00edli str\u00e1ven\u00e9 v Impact HUBu jsme uli\u010dkami zabloudili a\u017e<br \/>\nna charakteristickou\u00a0ulici m\u011bsta Ostravy. Stodoln\u00ed. A to bychom byli barba\u0159i, kdybychom<br \/>\nsi nedali n\u011bco na posiln\u011bn\u00ed.<\/p>\n<h2>\u010ctvrte\u010dn\u00ed workshopy<\/h2>\n<p>Na \u010dtvrtek jsme se moc t\u011b\u0161ili. Z\u00a0d\u016fvodu, \u017ee \u0161lo o den<br \/>\nworkshopov\u00fd. V\u0161echny workshopy se odehr\u00e1ly v\u00a0rozlehl\u00e9m are\u00e1lu Vysok\u00e9 \u0161koly b\u00e1\u0148sk\u00e9. J\u00e1 osobn\u011b jsem absolvovala dva.<\/p>\n<p><strong>Prvn\u00ed workshop,<\/strong> na<br \/>\nt\u00e9ma <strong>E-mail marketing<\/strong>, byl sp\u00ed\u0161e teoretick\u00fd.<br \/>\nNa m\u016fj vkus a\u017e moc. Nejv\u00edce m\u011b proto zaujala ta prakti\u010dt\u011bj\u0161\u00ed \u010d\u00e1st o auditu\u00a0emailingu. Na co byste nem\u011bli zapomenout ve va\u0161ich e-mailech? To jsem pro v\u00e1s<br \/>\nshrnula do samostatn\u00e9ho \u010dl\u00e1nku, kter\u00fd si ur\u010dit\u011b p\u0159e\u010dt\u011bte: <a data-rt-link-type=\"external\" href=\"https:\/\/blog.webmium.cz\/posts\/email-marketing-17-tipu-na-co-nezapomenout\"><strong>E-mail<br \/>\nmarketing: 17 tip\u016f na co nezapomenout<\/strong><\/a>.<\/p>\n<p>Sledujte otev\u0159en\u00ed e-mailu v\u00a0GA, nejen v\u00a0n\u00e1stroji,<br \/>\nkter\u00fd pro rozes\u00edlku pou\u017e\u00edv\u00e1te. D\u00edky p\u0159ehledu v\u00a0re\u00e1ln\u00e9m \u010dase si ov\u011b\u0159\u00edte,<br \/>\nzda \u010dten\u00e1\u0159i reaguj\u00ed, a jak rychle. V\u00a0kolik hodin nejv\u00edce e-maily otev\u00edraj\u00ed,<br \/>\nodkud lok\u00e1ln\u011b i z\u00a0jak\u00e9ho za\u0159\u00edzen\u00ed. Vytvo\u0159\u00edte si t\u00edm par\u00e1dn\u00ed <strong>publikum pro remarketing<\/strong>. <\/p>\n<p>Hlavn\u011b sledujte, zda se v\u00e1m e-mail marketing vypl\u00e1c\u00ed. Ide\u00e1ln\u011b byste<br \/>\nm\u011bli z\u00a0emailingu generovat v\u00edce jak <strong>10<br \/>\n% z\u00a0celkov\u00e9ho obratu<\/strong>.<\/p>\n<p>Jak se vyhnout <strong>spamov\u00e9<br \/>\npasti<\/strong>? Nenakupujte datab\u00e1ze. S\u00a0velkou pravd\u011bpodobnost\u00ed budou obsahovat<br \/>\nn\u011bjak\u00e9 SPAM traps. Pravideln\u011b \u010dist\u011bte datab\u00e1zi od star\u00fdch a neaktivn\u00edch<br \/>\nu\u017eivatel\u016f. Pou\u017e\u00edvejte double opt-in. Komunikujte s\u00a0jednotliv\u00fdmi<br \/>\nemailingov\u00fdmi providery.<\/p>\n<p>P\u0159ed samotn\u00fdm emailingem nezapome\u0148te na povinnosti stanoven\u00e9<br \/>\nz\u00e1konem. O tom jsem psala \u010dl\u00e1nek ji\u017e d\u0159\u00edve. Tak si z\u00e1kon rad\u011bji <a data-rt-link-type=\"external\" href=\"https:\/\/blog.webmium.cz\/posts\/e-mail-marketing-bez-rizika\">o\u017eivte<\/a>.<\/p>\n<p>Druh\u00fdm workshopem, <strong>Jak<br \/>\nm\u016f\u017ee Marketing Miner zefektivnit va\u0161e SEO<\/strong>, precizn\u011b provedl Pavel Ungr.<br \/>\nPavel je skv\u011bl\u00fd SEO konzultant, m\u011bla jsem proto velk\u00e9 o\u010dek\u00e1v\u00e1n\u00ed, kter\u00e9 se<br \/>\nnaplnilo. N\u00e1stroj <a data-rt-link-type=\"external\" target=\"_blank\" href=\"https:\/\/www.marketingminer.com\/cs\" rel=\"noopener\">Marketing Miner<\/a> ji\u017e pou\u017e\u00edv\u00e1me pro anal\u00fdzu kl\u00ed\u010dov\u00fdch slov<br \/>\nn\u011bjakou dobu. Nyn\u00ed jsem se v\u0161ak dozv\u011bd\u011bla jak z\u00a0n\u011bho vyt\u00e1hnout maximum tou<br \/>\nspr\u00e1vnou cestou. V\u011bd\u011bli jste t\u0159eba, \u017ee\u00a0<strong>Marketing<br \/>\nMiner<\/strong>, konkr\u00e9tn\u011b Domain miner, m\u016f\u017ee zjistit sitemapu webu? Ne v\u017edy v\u00e1m ji<br \/>\nsamotn\u00fd web toti\u017e odhal\u00ed na \/robots.txt. D\u00edky n\u00ed pak m\u016f\u017eete za\u010d\u00edt analyzovat<br \/>\ndan\u00fd web. Sta\u010d\u00ed vykop\u00edrovat titulky, nahr\u00e1t je do URL mineru a zvolit<br \/>\nna\u0161ept\u00e1va\u010de a AdWords n\u00e1vrh. Pokud chcete\u00a0naj\u00edt t\u00e9mata, o kter\u00fdch se mluv\u00ed<br \/>\nv\u00a0souvislosti s va\u0161\u00edm webem, takov\u00fd brandov\u00fd monitoring, za\u0161krtn\u011bte\u00a0nav\u00edc monitoring. <\/p>\n<p>D\u011bl\u00e1te-li anal\u00fdzu kl\u00ed\u010dov\u00fdch slov pro eshop, m\u016f\u017eete zde i<br \/>\n\u010d\u00e1ste\u010dn\u011b klasifikovat \u2013 m\u011bsto, m\u00edsto, zem\u011b, barva, spole\u010dnost, organizace,<br \/>\n\u010d\u00edslo, cena, ot\u00e1zka, pro koho. <\/p>\n<p>Zaj\u00edm\u00e1 v\u00e1s pozice ve vyhled\u00e1va\u010d\u00edch, hledanost, \u010di vstupn\u00ed<br \/>\nstr\u00e1nky? Nen\u00ed probl\u00e9m. To tak\u00e9 Marketing Miner um\u00ed. P\u0159es URL miner m\u016f\u017eu zjistit<br \/>\nchybov\u00e9 404 str\u00e1nky na webu i zkontrolovat sitemapu. Ani kontrola indexace p\u0159es<br \/>\nURL miner nen\u00ed probl\u00e9m. <\/p>\n<p>Marketing miner v\u00a0kombinaci s Open Refine prost\u011b dok\u00e1\u017ee<br \/>\nz\u00e1zraky. M\u016f\u017eu si ud\u011blat kompletn\u00ed on-page anal\u00fdzu. Jde opravdu o u\u017eite\u010dn\u00fd<br \/>\nn\u00e1stroj, kter\u00fd byste si m\u011bli vyzkou\u0161et, pokud chcete zefektivnit svou pr\u00e1ci,<br \/>\nstejn\u011b jako j\u00e1.<\/p>\n<h2>Eshopista &#8211; Alza.cz<\/h2>\n<p>Workshopov\u00e9 odpoledne skon\u010dilo jen tak tak, abychom stihli<br \/>\nalespo\u0148 \u010d\u00e1st <strong>Eshopisty<\/strong>, kter\u00fd se<br \/>\npoprv\u00e9 odehr\u00e1val na Marketing Festivalu. Kdo byl hostem? Marketingov\u00fd \u0159editel\u00a0Karel\u00a0Ku\u010dera\u00a0a marketingov\u00fd specialista Ond\u0159ej B\u011blsk\u00fd z <strong>Alza.cz<\/strong>. Byli tajemn\u00ed v\u00edce jak hrad v\u00a0Karpatech, a tak jsme se<br \/>\nnic moc konkr\u00e9tn\u00edho nedozv\u011bd\u011bli. Co n\u00e1m vlastn\u011b prozradili? Zaj\u00edmavost, \u017ee Alza<br \/>\nv\u00e1s nikdy nebude pron\u00e1sledovat remarketingem. Oni ho toti\u017e nepraktikuj\u00ed. Necht\u011bj\u00ed<br \/>\nplatit za jednu konverzi dvakr\u00e1t. Rad\u0161i si den po\u010dkaj\u00ed. Lid\u00e9 se stejn\u011b vr\u00e1t\u00ed a<br \/>\nnakoup\u00ed. Maj\u00ed to pr\u00fd zm\u011b\u0159en\u00e9. Na Alza.cz se proto nemus\u00edte b\u00e1t nakupovat d\u00e1rky<br \/>\nsv\u00e9 drah\u00e9 polovi\u010dce k\u00a0V\u00e1noc\u016fm. A\u017e si sedne k\u00a0po\u010d\u00edta\u010di po v\u00e1s, remarketing<br \/>\nva\u0161e dum\u00e1n\u00ed nad dary neprozrad\u00ed.<\/p>\n<p>Alza zkusila jednou zcela vypnout komunikaci ke klient\u016fm na<br \/>\n3 dny. A propad v\u00a0prodej\u00edch byl obrovsk\u00fd. Tedy u\u017e nikdy. Jak \u0159ekl Karel Ku\u010dera:<\/p>\n<blockquote><p><em>\u201eV\u00a0e-commerce mus\u00edte b\u00fdt sly\u0161et!\u201c<\/em><\/p><\/blockquote>\n<p>\u00a0Jedin\u00fd den, kdy Alza<br \/>\nnen\u00ed sly\u0161et je 24. 12. To je den, kdy Alza zav\u0159e Alz\u00e1kovi \u00fasta a d\u00e1v\u00e1 n\u00e1m t\u00edm<br \/>\nv\u00e1no\u010dn\u00ed d\u00e1rek. <\/p>\n<p>Par\u0165a\u010dky k\u00a0Alz\u00e1kovi se tak\u00e9 ob\u00e1vat nemus\u00edme. Alz\u00e1k je<br \/>\npr\u00fd natolik siln\u00fd, \u017ee k\u00a0sob\u011b sami\u010dku Alzinku nepot\u0159ebuje.<\/p>\n<p>Asi jedin\u00e9 \u010d\u00edslo, kter\u00e9 Alza prozradila, je pom\u011br n\u00e1kupu<br \/>\np\u0159es mobiln\u00ed appku a p\u0159es mobiln\u00ed web. Je to 1:5.<\/p>\n<h2>PPC offline<\/h2>\n<p>U\u017e m\u00e1me p\u016fl sedm\u00e9 ve\u010der, ale st\u00e1le nen\u00ed konec nachyt\u0159ov\u00e1n\u00ed.<br \/>\nNyn\u00ed p\u0159i\u0161lo na \u0159adu setk\u00e1n\u00ed p\u00e9p\u00e9c\u00e9\u010dka\u0159\u016f, aneb <strong>PPC offline<\/strong>. Na p\u00f3diu se vyst\u0159\u00eddalo n\u011bkolik fajnov\u00fdch \u0159e\u010dn\u00edk\u016f. PPC<br \/>\nmaraton zapo\u010dal <strong>Jan Tich\u00fd<\/strong><br \/>\ns\u00a0analytikou ve sv\u011bt\u011b PPC a uk\u00e1zal n\u00e1m kr\u00e1sn\u00e9 p\u00e9en\u00f3\u010dkov\u00e9 kol\u00e1\u010de p\u0159i<br \/>\nroz\u0161i\u0159ov\u00e1n\u00ed kampan\u00ed. <strong>Mark\u00e9ta Kab\u00e1tov\u00e1<br \/>\ns\u00a0Petrem Bure\u0161em<\/strong> \u0159ekli ka\u017ed\u00fd sv\u016fj pohled na tvorbu kampan\u00ed. Jeden na<br \/>\nto jde sp\u00ed\u0161e technicky, druh\u00fd je zast\u00e1ncem selsk\u00e9ho rozumu. J\u00e1 osobn\u011b si<br \/>\nmysl\u00edm, \u017ee d\u016fle\u017eit\u00e9 je kombinovat stroje i selsk\u00fd rozum. Pak teprve m\u016f\u017ee<br \/>\nvzniknout kvalitn\u00ed v\u00fdsledek. <strong>Jan Ka\u0161par\u016f<\/strong><br \/>\nn\u00e1m uk\u00e1zal, co by PPC\u010dka\u0159 m\u011bl m\u011b\u0159it v\u00a0GA a pro\u010d. T\u0159e\u0161ni\u010dkou na dortu byla <strong>Petra V\u011btrovsk\u00e1<\/strong>, kter\u00e1 pou\u017e\u00edv\u00e1 hlavn\u011b<br \/>\nzdrav\u00fd rozum. Kampan\u011b startuje ze sv\u00e9ho gau\u010de, na za\u010d\u00e1tku je netestuje,<br \/>\nignoruje fr\u00e1zovou shodu a po v\u00fdkonu si d\u00e1v\u00e1 dva dny oddych. Nad\u0161en\u00ed z\u00a0n\u00ed<br \/>\nale sr\u0161\u00ed na d\u00e1lku. Jo a pou\u017e\u00edv\u00e1 k\u00a0pr\u00e1ci barevn\u00fd pap\u00edrky jako j\u00e1. Tak\u017ee m\u00e1<br \/>\nm\u016fj like. <strong>Jan Zdarsa<\/strong> z\u00a0Googlu<br \/>\nn\u00e1m na z\u00e1v\u011br p\u0159edstavil chystan\u00e9 novinky v\u00a0AdWords.<\/p>\n<figure class=\"w-richtext-align-fullwidth\" style=\"max-width: 100%;\" data-rt-type=\"image\" data-rt-align=\"fullwidth\" data-rt-max-width=\"\">\n<div><img decoding=\"async\" src=\"https:\/\/daks2k3a4ib2z.cloudfront.net\/5767b4eb3a9c9e1015d06770\/58109a543c228d275400d69b_IMG_20161020_185753.jpg\" alt=\"PPC offline\"><\/div><figcaption>PPC offline<\/figcaption><\/figure>\n<p>Ufff a te\u010f jen na n\u00e1sleduj\u00edc\u00ed p\u00e1rty nezab\u00edt ty pr\u00e1v\u011b nachyt\u0159en\u00e9 mozkov\u00e9 bu\u0148ky. \ud83d\ude42\u00a0Jdeme rad\u0161i hr\u00e1t fotb\u00e1lek, kter\u00fd tu je a m\u00e1me z\u00a0n\u011bj radost.<\/p>\n<p>2. \u010d\u00e1st:\u00a0<a href=\"\/posts\/marketing-festival-teoreticky-pri-patku-a-sobote\" data-rt-link-type=\"page\" target=\"_blank\" data-rt-link-itemid=\"5849c029a3a0d62d5212950c\" data-rt-link-collectionid=\"57ac7b1471bead8852a43df4\" rel=\"noopener\">2+2: Marketing Festival teoreticky p\u0159i p\u00e1tku a sobot\u011b<\/a><\/p>\n<p>Obohatil v\u00e1s tento report z Marketing Festivalu? Sd\u00edlejte ho s ostatn\u00edmi.<\/p>\n","protected":false},"excerpt":{"rendered":"<p>Prvn\u00ed \u010d\u00e1st reportu z marketingov\u00e9 ud\u00e1losti toho roku. Letos v r\u00e1zovit\u00e9m regionu. Ostrava.<\/p>\n","protected":false},"author":20,"featured_media":2320,"comment_status":"open","ping_status":"open","sticky":false,"template":"","format":"standard","meta":{"_uag_custom_page_level_css":"","site-sidebar-layout":"default","site-content-layout":"","ast-site-content-layout":"","site-content-style":"default","site-sidebar-style":"default","ast-global-header-display":"","ast-banner-title-visibility":"","ast-main-header-display":"","ast-hfb-above-header-display":"","ast-hfb-below-header-display":"","ast-hfb-mobile-header-display":"","site-post-title":"","ast-breadcrumbs-content":"","ast-featured-img":"","footer-sml-layout":"","theme-transparent-header-meta":"","adv-header-id-meta":"","stick-header-meta":"","header-above-stick-meta":"","header-main-stick-meta":"","header-below-stick-meta":"","astra-migrate-meta-layouts":"default","ast-page-background-enabled":"default","ast-page-background-meta":{"desktop":{"background-color":"var(--ast-global-color-4)","background-image":"","background-repeat":"repeat","background-position":"center center","background-size":"auto","background-attachment":"scroll","background-type":"","background-media":"","overlay-type":"","overlay-color":"","overlay-opacity":"","overlay-gradient":""},"tablet":{"background-color":"","background-image":"","background-repeat":"repeat","background-position":"center center","background-size":"auto","background-attachment":"scroll","background-type":"","background-media":"","overlay-type":"","overlay-color":"","overlay-opacity":"","overlay-gradient":""},"mobile":{"background-color":"","background-image":"","background-repeat":"repeat","background-position":"center center","background-size":"auto","background-attachment":"scroll","background-type":"","background-media":"","overlay-type":"","overlay-color":"","overlay-opacity":"","overlay-gradient":""}},"ast-content-background-meta":{"desktop":{"background-color":"var(--ast-global-color-5)","background-image":"","background-repeat":"repeat","background-position":"center center","background-size":"auto","background-attachment":"scroll","background-type":"","background-media":"","overlay-type":"","overlay-color":"","overlay-opacity":"","overlay-gradient":""},"tablet":{"background-color":"var(--ast-global-color-5)","background-image":"","background-repeat":"repeat","background-position":"center center","background-size":"auto","background-attachment":"scroll","background-type":"","background-media":"","overlay-type":"","overlay-color":"","overlay-opacity":"","overlay-gradient":""},"mobile":{"background-color":"var(--ast-global-color-5)","background-image":"","background-repeat":"repeat","background-position":"center center","background-size":"auto","background-attachment":"scroll","background-type":"","background-media":"","overlay-type":"","overlay-color":"","overlay-opacity":"","overlay-gradient":""}},"footnotes":""},"categories":[9],"tags":[],"class_list":["post-3322","post","type-post","status-publish","format-standard","has-post-thumbnail","hentry","category-uz-to-vite"],"yoast_head":"<!-- This site is optimized with the Yoast SEO plugin v27.5 - https:\/\/yoast.com\/product\/yoast-seo-wordpress\/ -->\n<title>2+2: Marketing Festival prakticky p\u0159i st\u0159ed\u011b a \u010dtvrtku<\/title>\n<meta name=\"description\" content=\"Prvn\u00ed \u010d\u00e1st reportu z marketingov\u00e9 ud\u00e1losti toho roku. Letos v r\u00e1zovit\u00e9m regionu. Ostrava.\" \/>\n<meta name=\"robots\" content=\"index, follow, max-snippet:-1, max-image-preview:large, max-video-preview:-1\" \/>\n<link rel=\"canonical\" href=\"https:\/\/www.webmium.cz\/blog\/marketing-festival-prakticky-pri-strede-a-ctvrtku\/\" \/>\n<meta property=\"og:locale\" content=\"cs_CZ\" \/>\n<meta property=\"og:type\" content=\"article\" \/>\n<meta property=\"og:title\" content=\"2+2: Marketing Festival prakticky p\u0159i st\u0159ed\u011b a \u010dtvrtku\" \/>\n<meta property=\"og:description\" content=\"Prvn\u00ed \u010d\u00e1st reportu z marketingov\u00e9 ud\u00e1losti toho roku. Letos v r\u00e1zovit\u00e9m regionu. Ostrava.\" \/>\n<meta property=\"og:url\" content=\"https:\/\/www.webmium.cz\/blog\/marketing-festival-prakticky-pri-strede-a-ctvrtku\/\" \/>\n<meta property=\"og:site_name\" content=\"Blog Webmium.cz\" \/>\n<meta property=\"article:published_time\" content=\"2021-07-29T14:52:36+00:00\" \/>\n<meta property=\"og:image\" content=\"https:\/\/www.webmium.cz\/blog\/wp-content\/uploads\/2023\/10\/581087ad73b32a9e7a87d812_58107dde73b32a9e7a87bf2b_IMG_20161023_144312_HDR.jpg\" \/>\n\t<meta property=\"og:image:width\" content=\"600\" \/>\n\t<meta property=\"og:image:height\" content=\"179\" \/>\n\t<meta property=\"og:image:type\" content=\"image\/jpeg\" \/>\n<meta name=\"author\" content=\"Tereza Kuli\u0161evov\u00e1\" \/>\n<meta name=\"twitter:card\" content=\"summary_large_image\" \/>\n<meta name=\"twitter:label1\" content=\"Napsal(a)\" \/>\n\t<meta name=\"twitter:data1\" content=\"Tereza Kuli\u0161evov\u00e1\" \/>\n\t<meta name=\"twitter:label2\" content=\"Odhadovan\u00e1 doba \u010dten\u00ed\" \/>\n\t<meta name=\"twitter:data2\" content=\"7 minut\" \/>\n<script type=\"application\/ld+json\" class=\"yoast-schema-graph\">{\"@context\":\"https:\\\/\\\/schema.org\",\"@graph\":[{\"@type\":\"Article\",\"@id\":\"https:\\\/\\\/www.webmium.cz\\\/blog\\\/marketing-festival-prakticky-pri-strede-a-ctvrtku\\\/#article\",\"isPartOf\":{\"@id\":\"https:\\\/\\\/www.webmium.cz\\\/blog\\\/marketing-festival-prakticky-pri-strede-a-ctvrtku\\\/\"},\"author\":{\"name\":\"Tereza Kuli\u0161evov\u00e1\",\"@id\":\"https:\\\/\\\/www.webmium.cz\\\/blog\\\/#\\\/schema\\\/person\\\/b364521de39a27a597f434d70ef747e4\"},\"headline\":\"2+2: Marketing Festival prakticky p\u0159i st\u0159ed\u011b a \u010dtvrtku\",\"datePublished\":\"2021-07-29T14:52:36+00:00\",\"mainEntityOfPage\":{\"@id\":\"https:\\\/\\\/www.webmium.cz\\\/blog\\\/marketing-festival-prakticky-pri-strede-a-ctvrtku\\\/\"},\"wordCount\":1370,\"commentCount\":0,\"publisher\":{\"@id\":\"https:\\\/\\\/www.webmium.cz\\\/blog\\\/#organization\"},\"image\":{\"@id\":\"https:\\\/\\\/www.webmium.cz\\\/blog\\\/marketing-festival-prakticky-pri-strede-a-ctvrtku\\\/#primaryimage\"},\"thumbnailUrl\":\"https:\\\/\\\/www.webmium.cz\\\/blog\\\/wp-content\\\/uploads\\\/2023\\\/10\\\/581087ad73b32a9e7a87d812_58107dde73b32a9e7a87bf2b_IMG_20161023_144312_HDR.jpg\",\"articleSection\":[\"uz-to-vite\"],\"inLanguage\":\"cs\",\"potentialAction\":[{\"@type\":\"CommentAction\",\"name\":\"Comment\",\"target\":[\"https:\\\/\\\/www.webmium.cz\\\/blog\\\/marketing-festival-prakticky-pri-strede-a-ctvrtku\\\/#respond\"]}]},{\"@type\":\"WebPage\",\"@id\":\"https:\\\/\\\/www.webmium.cz\\\/blog\\\/marketing-festival-prakticky-pri-strede-a-ctvrtku\\\/\",\"url\":\"https:\\\/\\\/www.webmium.cz\\\/blog\\\/marketing-festival-prakticky-pri-strede-a-ctvrtku\\\/\",\"name\":\"2+2: Marketing Festival prakticky p\u0159i st\u0159ed\u011b a \u010dtvrtku\",\"isPartOf\":{\"@id\":\"https:\\\/\\\/www.webmium.cz\\\/blog\\\/#website\"},\"primaryImageOfPage\":{\"@id\":\"https:\\\/\\\/www.webmium.cz\\\/blog\\\/marketing-festival-prakticky-pri-strede-a-ctvrtku\\\/#primaryimage\"},\"image\":{\"@id\":\"https:\\\/\\\/www.webmium.cz\\\/blog\\\/marketing-festival-prakticky-pri-strede-a-ctvrtku\\\/#primaryimage\"},\"thumbnailUrl\":\"https:\\\/\\\/www.webmium.cz\\\/blog\\\/wp-content\\\/uploads\\\/2023\\\/10\\\/581087ad73b32a9e7a87d812_58107dde73b32a9e7a87bf2b_IMG_20161023_144312_HDR.jpg\",\"datePublished\":\"2021-07-29T14:52:36+00:00\",\"description\":\"Prvn\u00ed \u010d\u00e1st reportu z marketingov\u00e9 ud\u00e1losti toho roku. Letos v r\u00e1zovit\u00e9m regionu. Ostrava.\",\"breadcrumb\":{\"@id\":\"https:\\\/\\\/www.webmium.cz\\\/blog\\\/marketing-festival-prakticky-pri-strede-a-ctvrtku\\\/#breadcrumb\"},\"inLanguage\":\"cs\",\"potentialAction\":[{\"@type\":\"ReadAction\",\"target\":[\"https:\\\/\\\/www.webmium.cz\\\/blog\\\/marketing-festival-prakticky-pri-strede-a-ctvrtku\\\/\"]}]},{\"@type\":\"ImageObject\",\"inLanguage\":\"cs\",\"@id\":\"https:\\\/\\\/www.webmium.cz\\\/blog\\\/marketing-festival-prakticky-pri-strede-a-ctvrtku\\\/#primaryimage\",\"url\":\"https:\\\/\\\/www.webmium.cz\\\/blog\\\/wp-content\\\/uploads\\\/2023\\\/10\\\/581087ad73b32a9e7a87d812_58107dde73b32a9e7a87bf2b_IMG_20161023_144312_HDR.jpg\",\"contentUrl\":\"https:\\\/\\\/www.webmium.cz\\\/blog\\\/wp-content\\\/uploads\\\/2023\\\/10\\\/581087ad73b32a9e7a87d812_58107dde73b32a9e7a87bf2b_IMG_20161023_144312_HDR.jpg\",\"width\":600,\"height\":179},{\"@type\":\"BreadcrumbList\",\"@id\":\"https:\\\/\\\/www.webmium.cz\\\/blog\\\/marketing-festival-prakticky-pri-strede-a-ctvrtku\\\/#breadcrumb\",\"itemListElement\":[{\"@type\":\"ListItem\",\"position\":1,\"name\":\"Dom\u016f\",\"item\":\"https:\\\/\\\/www.webmium.cz\\\/blog\\\/\"},{\"@type\":\"ListItem\",\"position\":2,\"name\":\"2+2: Marketing Festival prakticky p\u0159i st\u0159ed\u011b a \u010dtvrtku\"}]},{\"@type\":\"WebSite\",\"@id\":\"https:\\\/\\\/www.webmium.cz\\\/blog\\\/#website\",\"url\":\"https:\\\/\\\/www.webmium.cz\\\/blog\\\/\",\"name\":\"Blog Webmium.cz\",\"description\":\"Marketingov\u00e9 novinky a zpr\u00e1vy\",\"publisher\":{\"@id\":\"https:\\\/\\\/www.webmium.cz\\\/blog\\\/#organization\"},\"potentialAction\":[{\"@type\":\"SearchAction\",\"target\":{\"@type\":\"EntryPoint\",\"urlTemplate\":\"https:\\\/\\\/www.webmium.cz\\\/blog\\\/?s={search_term_string}\"},\"query-input\":{\"@type\":\"PropertyValueSpecification\",\"valueRequired\":true,\"valueName\":\"search_term_string\"}}],\"inLanguage\":\"cs\"},{\"@type\":\"Organization\",\"@id\":\"https:\\\/\\\/www.webmium.cz\\\/blog\\\/#organization\",\"name\":\"Blog Webmium.cz\",\"url\":\"https:\\\/\\\/www.webmium.cz\\\/blog\\\/\",\"logo\":{\"@type\":\"ImageObject\",\"inLanguage\":\"cs\",\"@id\":\"https:\\\/\\\/www.webmium.cz\\\/blog\\\/#\\\/schema\\\/logo\\\/image\\\/\",\"url\":\"https:\\\/\\\/www.webmium.cz\\\/blog\\\/wp-content\\\/uploads\\\/2023\\\/09\\\/webmium-zelene-blog.png\",\"contentUrl\":\"https:\\\/\\\/www.webmium.cz\\\/blog\\\/wp-content\\\/uploads\\\/2023\\\/09\\\/webmium-zelene-blog.png\",\"width\":480,\"height\":49,\"caption\":\"Blog Webmium.cz\"},\"image\":{\"@id\":\"https:\\\/\\\/www.webmium.cz\\\/blog\\\/#\\\/schema\\\/logo\\\/image\\\/\"}},{\"@type\":\"Person\",\"@id\":\"https:\\\/\\\/www.webmium.cz\\\/blog\\\/#\\\/schema\\\/person\\\/b364521de39a27a597f434d70ef747e4\",\"name\":\"Tereza Kuli\u0161evov\u00e1\",\"image\":{\"@type\":\"ImageObject\",\"inLanguage\":\"cs\",\"@id\":\"https:\\\/\\\/secure.gravatar.com\\\/avatar\\\/afff50d18e77f2275c0022b7d2a353a4d1e054bda92b8e0a52be34ebe33f658b?s=96&r=g\",\"url\":\"https:\\\/\\\/secure.gravatar.com\\\/avatar\\\/afff50d18e77f2275c0022b7d2a353a4d1e054bda92b8e0a52be34ebe33f658b?s=96&r=g\",\"contentUrl\":\"https:\\\/\\\/secure.gravatar.com\\\/avatar\\\/afff50d18e77f2275c0022b7d2a353a4d1e054bda92b8e0a52be34ebe33f658b?s=96&r=g\",\"caption\":\"Tereza Kuli\u0161evov\u00e1\"},\"url\":\"https:\\\/\\\/www.webmium.cz\\\/blog\\\/author\\\/tereza\\\/\"}]}<\/script>\n<!-- \/ Yoast SEO plugin. -->","yoast_head_json":{"title":"2+2: Marketing Festival prakticky p\u0159i st\u0159ed\u011b a \u010dtvrtku","description":"Prvn\u00ed \u010d\u00e1st reportu z marketingov\u00e9 ud\u00e1losti toho roku. Letos v r\u00e1zovit\u00e9m regionu. Ostrava.","robots":{"index":"index","follow":"follow","max-snippet":"max-snippet:-1","max-image-preview":"max-image-preview:large","max-video-preview":"max-video-preview:-1"},"canonical":"https:\/\/www.webmium.cz\/blog\/marketing-festival-prakticky-pri-strede-a-ctvrtku\/","og_locale":"cs_CZ","og_type":"article","og_title":"2+2: Marketing Festival prakticky p\u0159i st\u0159ed\u011b a \u010dtvrtku","og_description":"Prvn\u00ed \u010d\u00e1st reportu z marketingov\u00e9 ud\u00e1losti toho roku. Letos v r\u00e1zovit\u00e9m regionu. Ostrava.","og_url":"https:\/\/www.webmium.cz\/blog\/marketing-festival-prakticky-pri-strede-a-ctvrtku\/","og_site_name":"Blog Webmium.cz","article_published_time":"2021-07-29T14:52:36+00:00","og_image":[{"width":600,"height":179,"url":"https:\/\/www.webmium.cz\/blog\/wp-content\/uploads\/2023\/10\/581087ad73b32a9e7a87d812_58107dde73b32a9e7a87bf2b_IMG_20161023_144312_HDR.jpg","type":"image\/jpeg"}],"author":"Tereza Kuli\u0161evov\u00e1","twitter_card":"summary_large_image","twitter_misc":{"Napsal(a)":"Tereza Kuli\u0161evov\u00e1","Odhadovan\u00e1 doba \u010dten\u00ed":"7 minut"},"schema":{"@context":"https:\/\/schema.org","@graph":[{"@type":"Article","@id":"https:\/\/www.webmium.cz\/blog\/marketing-festival-prakticky-pri-strede-a-ctvrtku\/#article","isPartOf":{"@id":"https:\/\/www.webmium.cz\/blog\/marketing-festival-prakticky-pri-strede-a-ctvrtku\/"},"author":{"name":"Tereza Kuli\u0161evov\u00e1","@id":"https:\/\/www.webmium.cz\/blog\/#\/schema\/person\/b364521de39a27a597f434d70ef747e4"},"headline":"2+2: Marketing Festival prakticky p\u0159i st\u0159ed\u011b a \u010dtvrtku","datePublished":"2021-07-29T14:52:36+00:00","mainEntityOfPage":{"@id":"https:\/\/www.webmium.cz\/blog\/marketing-festival-prakticky-pri-strede-a-ctvrtku\/"},"wordCount":1370,"commentCount":0,"publisher":{"@id":"https:\/\/www.webmium.cz\/blog\/#organization"},"image":{"@id":"https:\/\/www.webmium.cz\/blog\/marketing-festival-prakticky-pri-strede-a-ctvrtku\/#primaryimage"},"thumbnailUrl":"https:\/\/www.webmium.cz\/blog\/wp-content\/uploads\/2023\/10\/581087ad73b32a9e7a87d812_58107dde73b32a9e7a87bf2b_IMG_20161023_144312_HDR.jpg","articleSection":["uz-to-vite"],"inLanguage":"cs","potentialAction":[{"@type":"CommentAction","name":"Comment","target":["https:\/\/www.webmium.cz\/blog\/marketing-festival-prakticky-pri-strede-a-ctvrtku\/#respond"]}]},{"@type":"WebPage","@id":"https:\/\/www.webmium.cz\/blog\/marketing-festival-prakticky-pri-strede-a-ctvrtku\/","url":"https:\/\/www.webmium.cz\/blog\/marketing-festival-prakticky-pri-strede-a-ctvrtku\/","name":"2+2: Marketing Festival prakticky p\u0159i st\u0159ed\u011b a \u010dtvrtku","isPartOf":{"@id":"https:\/\/www.webmium.cz\/blog\/#website"},"primaryImageOfPage":{"@id":"https:\/\/www.webmium.cz\/blog\/marketing-festival-prakticky-pri-strede-a-ctvrtku\/#primaryimage"},"image":{"@id":"https:\/\/www.webmium.cz\/blog\/marketing-festival-prakticky-pri-strede-a-ctvrtku\/#primaryimage"},"thumbnailUrl":"https:\/\/www.webmium.cz\/blog\/wp-content\/uploads\/2023\/10\/581087ad73b32a9e7a87d812_58107dde73b32a9e7a87bf2b_IMG_20161023_144312_HDR.jpg","datePublished":"2021-07-29T14:52:36+00:00","description":"Prvn\u00ed \u010d\u00e1st reportu z marketingov\u00e9 ud\u00e1losti toho roku. Letos v r\u00e1zovit\u00e9m regionu. Ostrava.","breadcrumb":{"@id":"https:\/\/www.webmium.cz\/blog\/marketing-festival-prakticky-pri-strede-a-ctvrtku\/#breadcrumb"},"inLanguage":"cs","potentialAction":[{"@type":"ReadAction","target":["https:\/\/www.webmium.cz\/blog\/marketing-festival-prakticky-pri-strede-a-ctvrtku\/"]}]},{"@type":"ImageObject","inLanguage":"cs","@id":"https:\/\/www.webmium.cz\/blog\/marketing-festival-prakticky-pri-strede-a-ctvrtku\/#primaryimage","url":"https:\/\/www.webmium.cz\/blog\/wp-content\/uploads\/2023\/10\/581087ad73b32a9e7a87d812_58107dde73b32a9e7a87bf2b_IMG_20161023_144312_HDR.jpg","contentUrl":"https:\/\/www.webmium.cz\/blog\/wp-content\/uploads\/2023\/10\/581087ad73b32a9e7a87d812_58107dde73b32a9e7a87bf2b_IMG_20161023_144312_HDR.jpg","width":600,"height":179},{"@type":"BreadcrumbList","@id":"https:\/\/www.webmium.cz\/blog\/marketing-festival-prakticky-pri-strede-a-ctvrtku\/#breadcrumb","itemListElement":[{"@type":"ListItem","position":1,"name":"Dom\u016f","item":"https:\/\/www.webmium.cz\/blog\/"},{"@type":"ListItem","position":2,"name":"2+2: Marketing Festival prakticky p\u0159i st\u0159ed\u011b a \u010dtvrtku"}]},{"@type":"WebSite","@id":"https:\/\/www.webmium.cz\/blog\/#website","url":"https:\/\/www.webmium.cz\/blog\/","name":"Blog Webmium.cz","description":"Marketingov\u00e9 novinky a zpr\u00e1vy","publisher":{"@id":"https:\/\/www.webmium.cz\/blog\/#organization"},"potentialAction":[{"@type":"SearchAction","target":{"@type":"EntryPoint","urlTemplate":"https:\/\/www.webmium.cz\/blog\/?s={search_term_string}"},"query-input":{"@type":"PropertyValueSpecification","valueRequired":true,"valueName":"search_term_string"}}],"inLanguage":"cs"},{"@type":"Organization","@id":"https:\/\/www.webmium.cz\/blog\/#organization","name":"Blog Webmium.cz","url":"https:\/\/www.webmium.cz\/blog\/","logo":{"@type":"ImageObject","inLanguage":"cs","@id":"https:\/\/www.webmium.cz\/blog\/#\/schema\/logo\/image\/","url":"https:\/\/www.webmium.cz\/blog\/wp-content\/uploads\/2023\/09\/webmium-zelene-blog.png","contentUrl":"https:\/\/www.webmium.cz\/blog\/wp-content\/uploads\/2023\/09\/webmium-zelene-blog.png","width":480,"height":49,"caption":"Blog Webmium.cz"},"image":{"@id":"https:\/\/www.webmium.cz\/blog\/#\/schema\/logo\/image\/"}},{"@type":"Person","@id":"https:\/\/www.webmium.cz\/blog\/#\/schema\/person\/b364521de39a27a597f434d70ef747e4","name":"Tereza Kuli\u0161evov\u00e1","image":{"@type":"ImageObject","inLanguage":"cs","@id":"https:\/\/secure.gravatar.com\/avatar\/afff50d18e77f2275c0022b7d2a353a4d1e054bda92b8e0a52be34ebe33f658b?s=96&r=g","url":"https:\/\/secure.gravatar.com\/avatar\/afff50d18e77f2275c0022b7d2a353a4d1e054bda92b8e0a52be34ebe33f658b?s=96&r=g","contentUrl":"https:\/\/secure.gravatar.com\/avatar\/afff50d18e77f2275c0022b7d2a353a4d1e054bda92b8e0a52be34ebe33f658b?s=96&r=g","caption":"Tereza Kuli\u0161evov\u00e1"},"url":"https:\/\/www.webmium.cz\/blog\/author\/tereza\/"}]}},"uagb_featured_image_src":{"full":["https:\/\/www.webmium.cz\/blog\/wp-content\/uploads\/2023\/10\/581087ad73b32a9e7a87d812_58107dde73b32a9e7a87bf2b_IMG_20161023_144312_HDR.jpg",600,179,false],"thumbnail":["https:\/\/www.webmium.cz\/blog\/wp-content\/uploads\/2023\/10\/581087ad73b32a9e7a87d812_58107dde73b32a9e7a87bf2b_IMG_20161023_144312_HDR-150x150.jpg",150,150,true],"medium":["https:\/\/www.webmium.cz\/blog\/wp-content\/uploads\/2023\/10\/581087ad73b32a9e7a87d812_58107dde73b32a9e7a87bf2b_IMG_20161023_144312_HDR-300x90.jpg",300,90,true],"medium_large":["https:\/\/www.webmium.cz\/blog\/wp-content\/uploads\/2023\/10\/581087ad73b32a9e7a87d812_58107dde73b32a9e7a87bf2b_IMG_20161023_144312_HDR.jpg",600,179,false],"large":["https:\/\/www.webmium.cz\/blog\/wp-content\/uploads\/2023\/10\/581087ad73b32a9e7a87d812_58107dde73b32a9e7a87bf2b_IMG_20161023_144312_HDR.jpg",600,179,false],"1536x1536":["https:\/\/www.webmium.cz\/blog\/wp-content\/uploads\/2023\/10\/581087ad73b32a9e7a87d812_58107dde73b32a9e7a87bf2b_IMG_20161023_144312_HDR.jpg",600,179,false],"2048x2048":["https:\/\/www.webmium.cz\/blog\/wp-content\/uploads\/2023\/10\/581087ad73b32a9e7a87d812_58107dde73b32a9e7a87bf2b_IMG_20161023_144312_HDR.jpg",600,179,false],"authorship-box-avatar":["https:\/\/www.webmium.cz\/blog\/wp-content\/uploads\/2023\/10\/581087ad73b32a9e7a87d812_58107dde73b32a9e7a87bf2b_IMG_20161023_144312_HDR.jpg",150,45,false],"authorship-box-related":["https:\/\/www.webmium.cz\/blog\/wp-content\/uploads\/2023\/10\/581087ad73b32a9e7a87d812_58107dde73b32a9e7a87bf2b_IMG_20161023_144312_HDR.jpg",70,21,false]},"uagb_author_info":{"display_name":"Tereza Kuli\u0161evov\u00e1","author_link":"https:\/\/www.webmium.cz\/blog\/author\/tereza\/"},"uagb_comment_info":6,"uagb_excerpt":"Prvn\u00ed \u010d\u00e1st reportu z marketingov\u00e9 ud\u00e1losti toho roku. Letos v r\u00e1zovit\u00e9m regionu. Ostrava.","_links":{"self":[{"href":"https:\/\/www.webmium.cz\/blog\/wp-json\/wp\/v2\/posts\/3322","targetHints":{"allow":["GET"]}}],"collection":[{"href":"https:\/\/www.webmium.cz\/blog\/wp-json\/wp\/v2\/posts"}],"about":[{"href":"https:\/\/www.webmium.cz\/blog\/wp-json\/wp\/v2\/types\/post"}],"author":[{"embeddable":true,"href":"https:\/\/www.webmium.cz\/blog\/wp-json\/wp\/v2\/users\/20"}],"replies":[{"embeddable":true,"href":"https:\/\/www.webmium.cz\/blog\/wp-json\/wp\/v2\/comments?post=3322"}],"version-history":[{"count":0,"href":"https:\/\/www.webmium.cz\/blog\/wp-json\/wp\/v2\/posts\/3322\/revisions"}],"wp:featuredmedia":[{"embeddable":true,"href":"https:\/\/www.webmium.cz\/blog\/wp-json\/wp\/v2\/media\/2320"}],"wp:attachment":[{"href":"https:\/\/www.webmium.cz\/blog\/wp-json\/wp\/v2\/media?parent=3322"}],"wp:term":[{"taxonomy":"category","embeddable":true,"href":"https:\/\/www.webmium.cz\/blog\/wp-json\/wp\/v2\/categories?post=3322"},{"taxonomy":"post_tag","embeddable":true,"href":"https:\/\/www.webmium.cz\/blog\/wp-json\/wp\/v2\/tags?post=3322"}],"curies":[{"name":"wp","href":"https:\/\/api.w.org\/{rel}","templated":true}]}}