{"id":3197,"date":"2019-11-03T19:12:11","date_gmt":"2019-11-03T18:12:11","guid":{"rendered":"http:\/\/wptest.nexum.cz\/dorazila-sluzba-apple-tv-ma-i-ceske-titulky\/"},"modified":"2019-11-03T19:12:11","modified_gmt":"2019-11-03T18:12:11","slug":"dorazila-sluzba-apple-tv-ma-i-ceske-titulky","status":"publish","type":"post","link":"https:\/\/www.webmium.cz\/blog\/dorazila-sluzba-apple-tv-ma-i-ceske-titulky\/","title":{"rendered":"Dorazila slu\u017eba Apple TV+. M\u00e1 i \u010desk\u00e9 titulky"},"content":{"rendered":"<figure class=\"w-richtext-figure-type-image w-richtext-align-fullwidth\" style=\"max-width:1200px\" data-rt-type=\"image\" data-rt-align=\"fullwidth\" data-rt-max-width=\"1200px\">\n<div><img decoding=\"async\" src=\"https:\/\/uploads-ssl.webflow.com\/5767b4eb3a9c9e1015d06770\/5dbf25bb9bf13eedb451942d_apple%20tv.png\"><\/div>\n<\/figure>\n<p>\u200d<\/p>\n<p>\u200d<\/p>\n<p>Apple spustil novou slu\u017ebu 2. listopadu 2019, kter\u00e1 bude st\u00e1t 139K\u010d m\u011bs\u00ed\u010dn\u011b. Velk\u00fd konkurent Netflixu \u010di HBO\u00a0GO tak bude nab\u00edzet spoustu origin\u00e1ln\u00edch po\u0159ad\u016f nejen pro u\u017eivatele Apple.<br \/>Apple TV+ je zat\u00edm za cenu 139 korun m\u011bs\u00ed\u010dn\u011b, p\u0159i\u010dem\u017e neexistuj\u00ed \u017e\u00e1dn\u00e9 dra\u017e\u0161\u00ed nebo levn\u011bj\u0161\u00ed varianty. <\/p>\n<p>M\u016f\u017eete vyu\u017e\u00edt i <strong>t\u00fddenn\u00ed zku\u0161ebn\u00ed dobu zdarma<\/strong>, b\u011bhem kter\u00e9 je mo\u017en\u00e9 slu\u017ebu zru\u0161it.<br \/>Majitel\u00e9 nov\u00e9ho iPhonu, iPadu, Macu, iPodu touch nebo Apple TV pak maj\u00ed Apple TV+ <strong>zcela zdarma po dobu jednoho roku <\/strong>(mus\u00ed nab\u00eddku vyu\u017e\u00edt do t\u0159\u00ed m\u011bs\u00edc\u016f od aktivace nov\u00e9ho za\u0159\u00edzen\u00ed) a sd\u00edlet lze jedno p\u0159edplatn\u00e9 i v r\u00e1mci Rodinn\u00e9ho sd\u00edlen\u00ed.<\/p>\n<h2><strong>Co uvid\u00edte?<\/strong><\/h2>\n<p>Apple TV+ za\u010d\u00edn\u00e1 s <strong>\u0161esti seri\u00e1ly a dv\u011bma filmy<\/strong>. Apple podot\u00fdk\u00e1, \u017ee ka\u017ed\u00fd m\u011bs\u00edc bude p\u0159id\u00e1vat minim\u00e1ln\u011b<strong> jeden nov\u00fd po\u0159ad<\/strong>, a m\u016f\u017eeme o\u010dek\u00e1vat, \u017ee se na Apple TV+ bude objevovat i \u010d\u00edm d\u00e1l v\u00edce obsahu zn\u00e1m\u00fdch film\u016f \u010di seri\u00e1l\u016f.<\/p>\n<p>Podporov\u00e1ny jsou i <strong>\u010desk\u00e9 titulky<\/strong> a cel\u00e9 rozhran\u00ed je v \u010de\u0161tin\u011b. Dabing, kter\u00fd za\u010dal v posledn\u00edch t\u00fddnech N, zat\u00edm k dispozici nen\u00ed a ani nejsou informace, \u017ee by m\u011bl v budoucnu dorazit.<\/p>\n<p>\u200d<a href=\"https:\/\/www.czechcrunch.cz\/wp-content\/uploads\/2019\/11\/ios-apple-tv-plus.jpg\">\u200d<\/a><\/p>\n<p>Nejv\u00edce o\u010dek\u00e1van\u00fd je zat\u00edm po\u0159ad The Morning Show, ve kter\u00e9 zaz\u00e1\u0159\u00ed Jennifer Aniston a Reese Witherspoon, v budoucnu se m\u016f\u017eeme t\u011b\u0161it i na Oprah a jej\u00ed Book Club.<\/p>\n<figure class=\"w-richtext-figure-type-video w-richtext-align-center\" style=\"max-width:100%;padding-bottom:56.206088992974244%;width:100%\" data-rt-type=\"video\" data-rt-align=\"center\" data-rt-max-width=\"100%\" data-rt-max-height=\"56.206088992974244%\" data-rt-dimensions=\"854:480\" data-page-url=\"https:\/\/www.youtube.com\/watch?v=eA7D4_qU9jo&#038;t=35s\">\n<div><iframe allowfullscreen=\"true\" frameborder=\"0\" scrolling=\"no\" src=\"https:\/\/www.youtube.com\/embed\/eA7D4_qU9jo?start=35\"><\/iframe><\/div>\n<\/figure>\n<p>\u200d<\/p>\n<p>\u200d<\/p>\n<p>\u200d<\/p>\n<p>\u200d<\/p>\n<p><em>Zdroj:\u00a0Apple.com, CNN.com<\/em><\/p>\n","protected":false},"excerpt":{"rendered":"<p>Apple spustil novou slu\u017ebu, kter\u00e1 bude st\u00e1t 139K\u010d m\u011bs\u00ed\u010dn\u011b. M\u016f\u017eete vyu\u017e\u00edt i t\u00fddenn\u00ed zku\u0161ebn\u00ed dobu zdarma.<\/p>\n","protected":false},"author":1,"featured_media":1985,"comment_status":"open","ping_status":"open","sticky":false,"template":"","format":"standard","meta":{"_uag_custom_page_level_css":"","site-sidebar-layout":"default","site-content-layout":"","ast-site-content-layout":"","site-content-style":"default","site-sidebar-style":"default","ast-global-header-display":"","ast-banner-title-visibility":"","ast-main-header-display":"","ast-hfb-above-header-display":"","ast-hfb-below-header-display":"","ast-hfb-mobile-header-display":"","site-post-title":"","ast-breadcrumbs-content":"","ast-featured-img":"","footer-sml-layout":"","theme-transparent-header-meta":"","adv-header-id-meta":"","stick-header-meta":"","header-above-stick-meta":"","header-main-stick-meta":"","header-below-stick-meta":"","astra-migrate-meta-layouts":"default","ast-page-background-enabled":"default","ast-page-background-meta":{"desktop":{"background-color":"var(--ast-global-color-4)","background-image":"","background-repeat":"repeat","background-position":"center center","background-size":"auto","background-attachment":"scroll","background-type":"","background-media":"","overlay-type":"","overlay-color":"","overlay-opacity":"","overlay-gradient":""},"tablet":{"background-color":"","background-image":"","background-repeat":"repeat","background-position":"center center","background-size":"auto","background-attachment":"scroll","background-type":"","background-media":"","overlay-type":"","overlay-color":"","overlay-opacity":"","overlay-gradient":""},"mobile":{"background-color":"","background-image":"","background-repeat":"repeat","background-position":"center center","background-size":"auto","background-attachment":"scroll","background-type":"","background-media":"","overlay-type":"","overlay-color":"","overlay-opacity":"","overlay-gradient":""}},"ast-content-background-meta":{"desktop":{"background-color":"var(--ast-global-color-5)","background-image":"","background-repeat":"repeat","background-position":"center center","background-size":"auto","background-attachment":"scroll","background-type":"","background-media":"","overlay-type":"","overlay-color":"","overlay-opacity":"","overlay-gradient":""},"tablet":{"background-color":"var(--ast-global-color-5)","background-image":"","background-repeat":"repeat","background-position":"center center","background-size":"auto","background-attachment":"scroll","background-type":"","background-media":"","overlay-type":"","overlay-color":"","overlay-opacity":"","overlay-gradient":""},"mobile":{"background-color":"var(--ast-global-color-5)","background-image":"","background-repeat":"repeat","background-position":"center center","background-size":"auto","background-attachment":"scroll","background-type":"","background-media":"","overlay-type":"","overlay-color":"","overlay-opacity":"","overlay-gradient":""}},"footnotes":""},"categories":[9],"tags":[],"class_list":["post-3197","post","type-post","status-publish","format-standard","has-post-thumbnail","hentry","category-uz-to-vite"],"yoast_head":"<!-- This site is optimized with the Yoast SEO plugin v27.5 - https:\/\/yoast.com\/product\/yoast-seo-wordpress\/ -->\n<title>Dorazila slu\u017eba Apple TV+. M\u00e1 i \u010desk\u00e9 titulky<\/title>\n<meta name=\"description\" content=\"Apple spustil novou slu\u017ebu, kter\u00e1 bude st\u00e1t 139K\u010d m\u011bs\u00ed\u010dn\u011b. M\u016f\u017eete vyu\u017e\u00edt i t\u00fddenn\u00ed zku\u0161ebn\u00ed dobu zdarma.\" \/>\n<meta name=\"robots\" content=\"index, follow, max-snippet:-1, max-image-preview:large, max-video-preview:-1\" \/>\n<link rel=\"canonical\" href=\"https:\/\/www.webmium.cz\/blog\/dorazila-sluzba-apple-tv-ma-i-ceske-titulky\/\" \/>\n<meta property=\"og:locale\" content=\"cs_CZ\" \/>\n<meta property=\"og:type\" content=\"article\" \/>\n<meta property=\"og:title\" content=\"Dorazila slu\u017eba Apple TV+. M\u00e1 i \u010desk\u00e9 titulky\" \/>\n<meta property=\"og:description\" content=\"Apple spustil novou slu\u017ebu, kter\u00e1 bude st\u00e1t 139K\u010d m\u011bs\u00ed\u010dn\u011b. M\u016f\u017eete vyu\u017e\u00edt i t\u00fddenn\u00ed zku\u0161ebn\u00ed dobu zdarma.\" \/>\n<meta property=\"og:url\" content=\"https:\/\/www.webmium.cz\/blog\/dorazila-sluzba-apple-tv-ma-i-ceske-titulky\/\" \/>\n<meta property=\"og:site_name\" content=\"Blog Webmium.cz\" \/>\n<meta property=\"article:published_time\" content=\"2019-11-03T18:12:11+00:00\" \/>\n<meta property=\"og:image\" content=\"https:\/\/www.webmium.cz\/blog\/wp-content\/uploads\/2023\/10\/5dbf25d38b31070e1a8d6370_4K.gif\" \/>\n\t<meta property=\"og:image:width\" content=\"640\" \/>\n\t<meta property=\"og:image:height\" content=\"360\" \/>\n\t<meta property=\"og:image:type\" content=\"image\/gif\" \/>\n<meta name=\"author\" content=\"\u0160t\u011bp\u00e1n Vl\u00e1\u010dil\" \/>\n<meta name=\"twitter:card\" content=\"summary_large_image\" \/>\n<meta name=\"twitter:creator\" content=\"@Stepan_Vlacil\" \/>\n<meta name=\"twitter:label1\" content=\"Napsal(a)\" \/>\n\t<meta name=\"twitter:data1\" content=\"\u0160t\u011bp\u00e1n Vl\u00e1\u010dil\" \/>\n\t<meta name=\"twitter:label2\" content=\"Odhadovan\u00e1 doba \u010dten\u00ed\" \/>\n\t<meta name=\"twitter:data2\" content=\"1 minuta\" \/>\n<script type=\"application\/ld+json\" class=\"yoast-schema-graph\">{\"@context\":\"https:\\\/\\\/schema.org\",\"@graph\":[{\"@type\":\"Article\",\"@id\":\"https:\\\/\\\/www.webmium.cz\\\/blog\\\/dorazila-sluzba-apple-tv-ma-i-ceske-titulky\\\/#article\",\"isPartOf\":{\"@id\":\"https:\\\/\\\/www.webmium.cz\\\/blog\\\/dorazila-sluzba-apple-tv-ma-i-ceske-titulky\\\/\"},\"author\":{\"name\":\"\u0160t\u011bp\u00e1n Vl\u00e1\u010dil\",\"@id\":\"https:\\\/\\\/www.webmium.cz\\\/blog\\\/#\\\/schema\\\/person\\\/598072b7acdb016185a8a6d84321d8c6\"},\"headline\":\"Dorazila slu\u017eba Apple TV+. M\u00e1 i \u010desk\u00e9 titulky\",\"datePublished\":\"2019-11-03T18:12:11+00:00\",\"mainEntityOfPage\":{\"@id\":\"https:\\\/\\\/www.webmium.cz\\\/blog\\\/dorazila-sluzba-apple-tv-ma-i-ceske-titulky\\\/\"},\"wordCount\":278,\"commentCount\":0,\"publisher\":{\"@id\":\"https:\\\/\\\/www.webmium.cz\\\/blog\\\/#organization\"},\"image\":{\"@id\":\"https:\\\/\\\/www.webmium.cz\\\/blog\\\/dorazila-sluzba-apple-tv-ma-i-ceske-titulky\\\/#primaryimage\"},\"thumbnailUrl\":\"https:\\\/\\\/www.webmium.cz\\\/blog\\\/wp-content\\\/uploads\\\/2023\\\/10\\\/5dbf25d38b31070e1a8d6370_4K.gif\",\"articleSection\":[\"uz-to-vite\"],\"inLanguage\":\"cs\",\"potentialAction\":[{\"@type\":\"CommentAction\",\"name\":\"Comment\",\"target\":[\"https:\\\/\\\/www.webmium.cz\\\/blog\\\/dorazila-sluzba-apple-tv-ma-i-ceske-titulky\\\/#respond\"]}]},{\"@type\":\"WebPage\",\"@id\":\"https:\\\/\\\/www.webmium.cz\\\/blog\\\/dorazila-sluzba-apple-tv-ma-i-ceske-titulky\\\/\",\"url\":\"https:\\\/\\\/www.webmium.cz\\\/blog\\\/dorazila-sluzba-apple-tv-ma-i-ceske-titulky\\\/\",\"name\":\"Dorazila slu\u017eba Apple TV+. M\u00e1 i \u010desk\u00e9 titulky\",\"isPartOf\":{\"@id\":\"https:\\\/\\\/www.webmium.cz\\\/blog\\\/#website\"},\"primaryImageOfPage\":{\"@id\":\"https:\\\/\\\/www.webmium.cz\\\/blog\\\/dorazila-sluzba-apple-tv-ma-i-ceske-titulky\\\/#primaryimage\"},\"image\":{\"@id\":\"https:\\\/\\\/www.webmium.cz\\\/blog\\\/dorazila-sluzba-apple-tv-ma-i-ceske-titulky\\\/#primaryimage\"},\"thumbnailUrl\":\"https:\\\/\\\/www.webmium.cz\\\/blog\\\/wp-content\\\/uploads\\\/2023\\\/10\\\/5dbf25d38b31070e1a8d6370_4K.gif\",\"datePublished\":\"2019-11-03T18:12:11+00:00\",\"description\":\"Apple spustil novou slu\u017ebu, kter\u00e1 bude st\u00e1t 139K\u010d m\u011bs\u00ed\u010dn\u011b. M\u016f\u017eete vyu\u017e\u00edt i t\u00fddenn\u00ed zku\u0161ebn\u00ed dobu zdarma.\",\"breadcrumb\":{\"@id\":\"https:\\\/\\\/www.webmium.cz\\\/blog\\\/dorazila-sluzba-apple-tv-ma-i-ceske-titulky\\\/#breadcrumb\"},\"inLanguage\":\"cs\",\"potentialAction\":[{\"@type\":\"ReadAction\",\"target\":[\"https:\\\/\\\/www.webmium.cz\\\/blog\\\/dorazila-sluzba-apple-tv-ma-i-ceske-titulky\\\/\"]}]},{\"@type\":\"ImageObject\",\"inLanguage\":\"cs\",\"@id\":\"https:\\\/\\\/www.webmium.cz\\\/blog\\\/dorazila-sluzba-apple-tv-ma-i-ceske-titulky\\\/#primaryimage\",\"url\":\"https:\\\/\\\/www.webmium.cz\\\/blog\\\/wp-content\\\/uploads\\\/2023\\\/10\\\/5dbf25d38b31070e1a8d6370_4K.gif\",\"contentUrl\":\"https:\\\/\\\/www.webmium.cz\\\/blog\\\/wp-content\\\/uploads\\\/2023\\\/10\\\/5dbf25d38b31070e1a8d6370_4K.gif\",\"width\":640,\"height\":360},{\"@type\":\"BreadcrumbList\",\"@id\":\"https:\\\/\\\/www.webmium.cz\\\/blog\\\/dorazila-sluzba-apple-tv-ma-i-ceske-titulky\\\/#breadcrumb\",\"itemListElement\":[{\"@type\":\"ListItem\",\"position\":1,\"name\":\"Dom\u016f\",\"item\":\"https:\\\/\\\/www.webmium.cz\\\/blog\\\/\"},{\"@type\":\"ListItem\",\"position\":2,\"name\":\"Dorazila slu\u017eba Apple TV+. M\u00e1 i \u010desk\u00e9 titulky\"}]},{\"@type\":\"WebSite\",\"@id\":\"https:\\\/\\\/www.webmium.cz\\\/blog\\\/#website\",\"url\":\"https:\\\/\\\/www.webmium.cz\\\/blog\\\/\",\"name\":\"Blog Webmium.cz\",\"description\":\"Marketingov\u00e9 novinky a zpr\u00e1vy\",\"publisher\":{\"@id\":\"https:\\\/\\\/www.webmium.cz\\\/blog\\\/#organization\"},\"potentialAction\":[{\"@type\":\"SearchAction\",\"target\":{\"@type\":\"EntryPoint\",\"urlTemplate\":\"https:\\\/\\\/www.webmium.cz\\\/blog\\\/?s={search_term_string}\"},\"query-input\":{\"@type\":\"PropertyValueSpecification\",\"valueRequired\":true,\"valueName\":\"search_term_string\"}}],\"inLanguage\":\"cs\"},{\"@type\":\"Organization\",\"@id\":\"https:\\\/\\\/www.webmium.cz\\\/blog\\\/#organization\",\"name\":\"Blog Webmium.cz\",\"url\":\"https:\\\/\\\/www.webmium.cz\\\/blog\\\/\",\"logo\":{\"@type\":\"ImageObject\",\"inLanguage\":\"cs\",\"@id\":\"https:\\\/\\\/www.webmium.cz\\\/blog\\\/#\\\/schema\\\/logo\\\/image\\\/\",\"url\":\"https:\\\/\\\/www.webmium.cz\\\/blog\\\/wp-content\\\/uploads\\\/2023\\\/09\\\/webmium-zelene-blog.png\",\"contentUrl\":\"https:\\\/\\\/www.webmium.cz\\\/blog\\\/wp-content\\\/uploads\\\/2023\\\/09\\\/webmium-zelene-blog.png\",\"width\":480,\"height\":49,\"caption\":\"Blog Webmium.cz\"},\"image\":{\"@id\":\"https:\\\/\\\/www.webmium.cz\\\/blog\\\/#\\\/schema\\\/logo\\\/image\\\/\"}},{\"@type\":\"Person\",\"@id\":\"https:\\\/\\\/www.webmium.cz\\\/blog\\\/#\\\/schema\\\/person\\\/598072b7acdb016185a8a6d84321d8c6\",\"name\":\"\u0160t\u011bp\u00e1n Vl\u00e1\u010dil\",\"image\":{\"@type\":\"ImageObject\",\"inLanguage\":\"cs\",\"@id\":\"https:\\\/\\\/www.webmium.cz\\\/blog\\\/wp-content\\\/uploads\\\/2025\\\/08\\\/ja-2025-pruhledne.png\",\"url\":\"https:\\\/\\\/www.webmium.cz\\\/blog\\\/wp-content\\\/uploads\\\/2025\\\/08\\\/ja-2025-pruhledne.png\",\"contentUrl\":\"https:\\\/\\\/www.webmium.cz\\\/blog\\\/wp-content\\\/uploads\\\/2025\\\/08\\\/ja-2025-pruhledne.png\",\"caption\":\"\u0160t\u011bp\u00e1n Vl\u00e1\u010dil\"},\"description\":\"CMO Webmium.cz | pom\u00e1h\u00e1m podnikatel\u016fm r\u016fst \ud83d\udcc8 | PPC, SOCKY, SEO, WEB, AI | agiln\u00ed marketing\",\"sameAs\":[\"https:\\\/\\\/www.ppc-systemy.cz\",\"www.linkedin.com\\\/in\\\/stepanvlacil\",\"https:\\\/\\\/x.com\\\/Stepan_Vlacil\"],\"url\":\"https:\\\/\\\/www.webmium.cz\\\/blog\\\/author\\\/stepan-vlacil\\\/\"}]}<\/script>\n<!-- \/ Yoast SEO plugin. -->","yoast_head_json":{"title":"Dorazila slu\u017eba Apple TV+. M\u00e1 i \u010desk\u00e9 titulky","description":"Apple spustil novou slu\u017ebu, kter\u00e1 bude st\u00e1t 139K\u010d m\u011bs\u00ed\u010dn\u011b. M\u016f\u017eete vyu\u017e\u00edt i t\u00fddenn\u00ed zku\u0161ebn\u00ed dobu zdarma.","robots":{"index":"index","follow":"follow","max-snippet":"max-snippet:-1","max-image-preview":"max-image-preview:large","max-video-preview":"max-video-preview:-1"},"canonical":"https:\/\/www.webmium.cz\/blog\/dorazila-sluzba-apple-tv-ma-i-ceske-titulky\/","og_locale":"cs_CZ","og_type":"article","og_title":"Dorazila slu\u017eba Apple TV+. M\u00e1 i \u010desk\u00e9 titulky","og_description":"Apple spustil novou slu\u017ebu, kter\u00e1 bude st\u00e1t 139K\u010d m\u011bs\u00ed\u010dn\u011b. M\u016f\u017eete vyu\u017e\u00edt i t\u00fddenn\u00ed zku\u0161ebn\u00ed dobu zdarma.","og_url":"https:\/\/www.webmium.cz\/blog\/dorazila-sluzba-apple-tv-ma-i-ceske-titulky\/","og_site_name":"Blog Webmium.cz","article_published_time":"2019-11-03T18:12:11+00:00","og_image":[{"width":640,"height":360,"url":"https:\/\/www.webmium.cz\/blog\/wp-content\/uploads\/2023\/10\/5dbf25d38b31070e1a8d6370_4K.gif","type":"image\/gif"}],"author":"\u0160t\u011bp\u00e1n Vl\u00e1\u010dil","twitter_card":"summary_large_image","twitter_creator":"@Stepan_Vlacil","twitter_misc":{"Napsal(a)":"\u0160t\u011bp\u00e1n Vl\u00e1\u010dil","Odhadovan\u00e1 doba \u010dten\u00ed":"1 minuta"},"schema":{"@context":"https:\/\/schema.org","@graph":[{"@type":"Article","@id":"https:\/\/www.webmium.cz\/blog\/dorazila-sluzba-apple-tv-ma-i-ceske-titulky\/#article","isPartOf":{"@id":"https:\/\/www.webmium.cz\/blog\/dorazila-sluzba-apple-tv-ma-i-ceske-titulky\/"},"author":{"name":"\u0160t\u011bp\u00e1n Vl\u00e1\u010dil","@id":"https:\/\/www.webmium.cz\/blog\/#\/schema\/person\/598072b7acdb016185a8a6d84321d8c6"},"headline":"Dorazila slu\u017eba Apple TV+. M\u00e1 i \u010desk\u00e9 titulky","datePublished":"2019-11-03T18:12:11+00:00","mainEntityOfPage":{"@id":"https:\/\/www.webmium.cz\/blog\/dorazila-sluzba-apple-tv-ma-i-ceske-titulky\/"},"wordCount":278,"commentCount":0,"publisher":{"@id":"https:\/\/www.webmium.cz\/blog\/#organization"},"image":{"@id":"https:\/\/www.webmium.cz\/blog\/dorazila-sluzba-apple-tv-ma-i-ceske-titulky\/#primaryimage"},"thumbnailUrl":"https:\/\/www.webmium.cz\/blog\/wp-content\/uploads\/2023\/10\/5dbf25d38b31070e1a8d6370_4K.gif","articleSection":["uz-to-vite"],"inLanguage":"cs","potentialAction":[{"@type":"CommentAction","name":"Comment","target":["https:\/\/www.webmium.cz\/blog\/dorazila-sluzba-apple-tv-ma-i-ceske-titulky\/#respond"]}]},{"@type":"WebPage","@id":"https:\/\/www.webmium.cz\/blog\/dorazila-sluzba-apple-tv-ma-i-ceske-titulky\/","url":"https:\/\/www.webmium.cz\/blog\/dorazila-sluzba-apple-tv-ma-i-ceske-titulky\/","name":"Dorazila slu\u017eba Apple TV+. M\u00e1 i \u010desk\u00e9 titulky","isPartOf":{"@id":"https:\/\/www.webmium.cz\/blog\/#website"},"primaryImageOfPage":{"@id":"https:\/\/www.webmium.cz\/blog\/dorazila-sluzba-apple-tv-ma-i-ceske-titulky\/#primaryimage"},"image":{"@id":"https:\/\/www.webmium.cz\/blog\/dorazila-sluzba-apple-tv-ma-i-ceske-titulky\/#primaryimage"},"thumbnailUrl":"https:\/\/www.webmium.cz\/blog\/wp-content\/uploads\/2023\/10\/5dbf25d38b31070e1a8d6370_4K.gif","datePublished":"2019-11-03T18:12:11+00:00","description":"Apple spustil novou slu\u017ebu, kter\u00e1 bude st\u00e1t 139K\u010d m\u011bs\u00ed\u010dn\u011b. M\u016f\u017eete vyu\u017e\u00edt i t\u00fddenn\u00ed zku\u0161ebn\u00ed dobu zdarma.","breadcrumb":{"@id":"https:\/\/www.webmium.cz\/blog\/dorazila-sluzba-apple-tv-ma-i-ceske-titulky\/#breadcrumb"},"inLanguage":"cs","potentialAction":[{"@type":"ReadAction","target":["https:\/\/www.webmium.cz\/blog\/dorazila-sluzba-apple-tv-ma-i-ceske-titulky\/"]}]},{"@type":"ImageObject","inLanguage":"cs","@id":"https:\/\/www.webmium.cz\/blog\/dorazila-sluzba-apple-tv-ma-i-ceske-titulky\/#primaryimage","url":"https:\/\/www.webmium.cz\/blog\/wp-content\/uploads\/2023\/10\/5dbf25d38b31070e1a8d6370_4K.gif","contentUrl":"https:\/\/www.webmium.cz\/blog\/wp-content\/uploads\/2023\/10\/5dbf25d38b31070e1a8d6370_4K.gif","width":640,"height":360},{"@type":"BreadcrumbList","@id":"https:\/\/www.webmium.cz\/blog\/dorazila-sluzba-apple-tv-ma-i-ceske-titulky\/#breadcrumb","itemListElement":[{"@type":"ListItem","position":1,"name":"Dom\u016f","item":"https:\/\/www.webmium.cz\/blog\/"},{"@type":"ListItem","position":2,"name":"Dorazila slu\u017eba Apple TV+. M\u00e1 i \u010desk\u00e9 titulky"}]},{"@type":"WebSite","@id":"https:\/\/www.webmium.cz\/blog\/#website","url":"https:\/\/www.webmium.cz\/blog\/","name":"Blog Webmium.cz","description":"Marketingov\u00e9 novinky a zpr\u00e1vy","publisher":{"@id":"https:\/\/www.webmium.cz\/blog\/#organization"},"potentialAction":[{"@type":"SearchAction","target":{"@type":"EntryPoint","urlTemplate":"https:\/\/www.webmium.cz\/blog\/?s={search_term_string}"},"query-input":{"@type":"PropertyValueSpecification","valueRequired":true,"valueName":"search_term_string"}}],"inLanguage":"cs"},{"@type":"Organization","@id":"https:\/\/www.webmium.cz\/blog\/#organization","name":"Blog Webmium.cz","url":"https:\/\/www.webmium.cz\/blog\/","logo":{"@type":"ImageObject","inLanguage":"cs","@id":"https:\/\/www.webmium.cz\/blog\/#\/schema\/logo\/image\/","url":"https:\/\/www.webmium.cz\/blog\/wp-content\/uploads\/2023\/09\/webmium-zelene-blog.png","contentUrl":"https:\/\/www.webmium.cz\/blog\/wp-content\/uploads\/2023\/09\/webmium-zelene-blog.png","width":480,"height":49,"caption":"Blog Webmium.cz"},"image":{"@id":"https:\/\/www.webmium.cz\/blog\/#\/schema\/logo\/image\/"}},{"@type":"Person","@id":"https:\/\/www.webmium.cz\/blog\/#\/schema\/person\/598072b7acdb016185a8a6d84321d8c6","name":"\u0160t\u011bp\u00e1n Vl\u00e1\u010dil","image":{"@type":"ImageObject","inLanguage":"cs","@id":"https:\/\/www.webmium.cz\/blog\/wp-content\/uploads\/2025\/08\/ja-2025-pruhledne.png","url":"https:\/\/www.webmium.cz\/blog\/wp-content\/uploads\/2025\/08\/ja-2025-pruhledne.png","contentUrl":"https:\/\/www.webmium.cz\/blog\/wp-content\/uploads\/2025\/08\/ja-2025-pruhledne.png","caption":"\u0160t\u011bp\u00e1n Vl\u00e1\u010dil"},"description":"CMO Webmium.cz | pom\u00e1h\u00e1m podnikatel\u016fm r\u016fst \ud83d\udcc8 | PPC, SOCKY, SEO, WEB, AI | agiln\u00ed marketing","sameAs":["https:\/\/www.ppc-systemy.cz","www.linkedin.com\/in\/stepanvlacil","https:\/\/x.com\/Stepan_Vlacil"],"url":"https:\/\/www.webmium.cz\/blog\/author\/stepan-vlacil\/"}]}},"uagb_featured_image_src":{"full":["https:\/\/www.webmium.cz\/blog\/wp-content\/uploads\/2023\/10\/5dbf25d38b31070e1a8d6370_4K.gif",640,360,false],"thumbnail":["https:\/\/www.webmium.cz\/blog\/wp-content\/uploads\/2023\/10\/5dbf25d38b31070e1a8d6370_4K-150x150.gif",150,150,true],"medium":["https:\/\/www.webmium.cz\/blog\/wp-content\/uploads\/2023\/10\/5dbf25d38b31070e1a8d6370_4K-300x169.gif",300,169,true],"medium_large":["https:\/\/www.webmium.cz\/blog\/wp-content\/uploads\/2023\/10\/5dbf25d38b31070e1a8d6370_4K.gif",640,360,false],"large":["https:\/\/www.webmium.cz\/blog\/wp-content\/uploads\/2023\/10\/5dbf25d38b31070e1a8d6370_4K.gif",640,360,false],"1536x1536":["https:\/\/www.webmium.cz\/blog\/wp-content\/uploads\/2023\/10\/5dbf25d38b31070e1a8d6370_4K.gif",640,360,false],"2048x2048":["https:\/\/www.webmium.cz\/blog\/wp-content\/uploads\/2023\/10\/5dbf25d38b31070e1a8d6370_4K.gif",640,360,false],"authorship-box-avatar":["https:\/\/www.webmium.cz\/blog\/wp-content\/uploads\/2023\/10\/5dbf25d38b31070e1a8d6370_4K.gif",150,84,false],"authorship-box-related":["https:\/\/www.webmium.cz\/blog\/wp-content\/uploads\/2023\/10\/5dbf25d38b31070e1a8d6370_4K.gif",70,39,false]},"uagb_author_info":{"display_name":"\u0160t\u011bp\u00e1n Vl\u00e1\u010dil","author_link":"https:\/\/www.webmium.cz\/blog\/author\/stepan-vlacil\/"},"uagb_comment_info":2,"uagb_excerpt":"Apple spustil novou slu\u017ebu, kter\u00e1 bude st\u00e1t 139K\u010d m\u011bs\u00ed\u010dn\u011b. M\u016f\u017eete vyu\u017e\u00edt i t\u00fddenn\u00ed zku\u0161ebn\u00ed dobu zdarma.","_links":{"self":[{"href":"https:\/\/www.webmium.cz\/blog\/wp-json\/wp\/v2\/posts\/3197","targetHints":{"allow":["GET"]}}],"collection":[{"href":"https:\/\/www.webmium.cz\/blog\/wp-json\/wp\/v2\/posts"}],"about":[{"href":"https:\/\/www.webmium.cz\/blog\/wp-json\/wp\/v2\/types\/post"}],"author":[{"embeddable":true,"href":"https:\/\/www.webmium.cz\/blog\/wp-json\/wp\/v2\/users\/1"}],"replies":[{"embeddable":true,"href":"https:\/\/www.webmium.cz\/blog\/wp-json\/wp\/v2\/comments?post=3197"}],"version-history":[{"count":0,"href":"https:\/\/www.webmium.cz\/blog\/wp-json\/wp\/v2\/posts\/3197\/revisions"}],"wp:featuredmedia":[{"embeddable":true,"href":"https:\/\/www.webmium.cz\/blog\/wp-json\/wp\/v2\/media\/1985"}],"wp:attachment":[{"href":"https:\/\/www.webmium.cz\/blog\/wp-json\/wp\/v2\/media?parent=3197"}],"wp:term":[{"taxonomy":"category","embeddable":true,"href":"https:\/\/www.webmium.cz\/blog\/wp-json\/wp\/v2\/categories?post=3197"},{"taxonomy":"post_tag","embeddable":true,"href":"https:\/\/www.webmium.cz\/blog\/wp-json\/wp\/v2\/tags?post=3197"}],"curies":[{"name":"wp","href":"https:\/\/api.w.org\/{rel}","templated":true}]}}