{"id":3173,"date":"2021-07-29T16:52:36","date_gmt":"2021-07-29T14:52:36","guid":{"rendered":"http:\/\/wptest.nexum.cz\/co-prinesl-cerven-2020-pro-socialni-site\/"},"modified":"2021-07-29T16:52:36","modified_gmt":"2021-07-29T14:52:36","slug":"co-prinesl-cerven-2020-pro-socialni-site","status":"publish","type":"post","link":"https:\/\/www.webmium.cz\/blog\/co-prinesl-cerven-2020-pro-socialni-site\/","title":{"rendered":"Co p\u0159inesl \u010derven 2020 pro soci\u00e1ln\u00ed s\u00edt\u011b?"},"content":{"rendered":"<h3>Instagram testuje dvojit\u00fd feed Stories<\/h3>\n<p>P\u0159\u00edstup k v\u011bt\u0161\u00edmu mno\u017estv\u00ed p\u0159\u00edb\u011bh\u016f a je\u0161t\u011b rychleji. To je c\u00edl nov\u00e9ho testu Instagramu, kter\u00fd pr\u00e1v\u011b prob\u00edh\u00e1 v r\u00e1mci Stories. Kan\u00e1l se Stories by mohl b\u00fdt toti\u017e nov\u011b dvou\u0159\u00e1dkov\u00fd.<\/p>\n<figure class=\"w-richtext-figure-type-image w-richtext-align-fullwidth\" style=\"max-width:465px\" data-rt-type=\"image\" data-rt-align=\"fullwidth\" data-rt-max-width=\"465px\">\n<div><img decoding=\"async\" src=\"https:\/\/uploads-ssl.webflow.com\/5767b4eb3a9c9e1015d06770\/5f0dba47bfbd8eb9bde63108_GeLWhw6WwY7bNs96XnmSgk_SWH46CB_VFHPTGff_Mbseovtl3ZGbTcXDA8vf0TGaoUxDzjhFZmFWcpDWr6pf-BkeEbqK8-tIGokxxYxvOipZW_46CBkiQsVceh-0lZCKku_iIBAf.png\" alt=\"Novinky ze soci\u00e1ln\u00edch s\u00edt\u00ed Webmium\"><\/div>\n<\/figure>\n<p><\/p>\n<p>Zdroj: <a href=\"https:\/\/www.socialmediatoday.com\/news\/instagram-is-testing-a-full-screen-stories-display-as-stories-usage-continu\/580941\/\">https:\/\/www.socialmediatoday.com\/news\/instagram-is-testing<\/a><\/p>\n<h3>Marketplace se otev\u00edr\u00e1 firm\u00e1m a jejich produkt\u016fm<\/h3>\n<p>Marketplace dote\u010f slou\u017eil jako platforma pro u\u017eivatele, kte\u0159\u00ed zde mezi sebou mohou prod\u00e1vat a nakupovat produkty. Nyn\u00ed ho Facebook zp\u0159\u00edstup\u0148uje i firm\u00e1m, kter\u00e9 tu budou moci nab\u00edzet sv\u00e9 zbo\u017e\u00ed.<\/p>\n<p>Zdroj: <a href=\"https:\/\/marketingland.com\/facebook-marketplace-is-open-for-businesses-selling-new-products-279643\">https:\/\/marketingland.com\/facebook-marketplace-is-open<\/a><\/p>\n<h3>Instagram reklamu p\u016fjde vytvo\u0159it i bez propojen\u00ed s Facebook \u00fa\u010dtem<\/h3>\n<p>P\u0159em\u00fd\u0161l\u00edte, \u017ee byste zkusili reklamn\u00ed kampa\u0148 na Instagramu, ale br\u00e1n\u00ed V\u00e1m v tom fakt, \u017ee nem\u00e1te reklamn\u00ed \u00fa\u010det na Facebooku? Nevad\u00ed, Instagram zav\u00e1d\u00ed novinku, a tak budete moci propagovat na Instagramu i bez Facebook \u00fa\u010dtu.<\/p>\n<p>Zdroj: <a href=\"https:\/\/newsfeed.cz\/instagram-reklamu-pujde-vytvorit-i-bez-propojeni-s-facebook-uctem\/?fbclid=IwAR0kd9jk_wA2po5BlgLGzSf64wfNcczAVtFf4ykm4SaIzNqcnp3K9CRhjHY\">https:\/\/newsfeed.cz\/instagram-reklamu-pujde-vytvorit-i-bez-propojeni-s-facebook-uctem<\/a><\/p>\n<h3>Facebook vrac\u00ed vys\u00edl\u00e1n\u00ed Live With<\/h3>\n<p>Pamatujete si je\u0161t\u011b na mo\u017enost \u017eiv\u00e9ho vys\u00edl\u00e1n\u00ed p\u0159es Facebook spolu s pozvan\u00fdm hostem? D\u00edky karant\u00e9n\u011b si u\u017eivatel\u00e9 op\u011bt obl\u00edbili \u017eiv\u00e1 videa, a tak nyn\u00ed znovu spat\u0159\u00ed sv\u011btlo sv\u011bta n\u00e1stroj Live With, kter\u00fd byl v listopadu 2019 odstran\u011bn.<\/p>\n<p>Zdroj: <a href=\"https:\/\/newsfeed.cz\/facebook-vraci-vysilani-live-with\/?fbclid=IwAR14I-vSrbAychAwCRLgSg8lztB3LaFuIrbPrkBFkpjhB3-peyY5Zmvte00\">https:\/\/newsfeed.cz\/facebook-vraci-vysilani-live<\/a><\/p>\n<h3>Facebook str\u00e1nky budou moci pos\u00edlat reklamn\u00ed e-maily<\/h3>\n<p>Mobiln\u00ed aplikace <a href=\"https:\/\/www.facebook.com\/business\/help\/592574334587977?id=2011347329137638\">Spr\u00e1vce str\u00e1nek<\/a> se roz\u0161\u00ed\u0159\u00ed o novou funkcionalitu. D\u00edky n\u00ed budou moci Facebook str\u00e1nky pos\u00edlat jednoduch\u00e1 marketingov\u00e1 sd\u011blen\u00ed, kter\u00e1 u\u017eivatel\u016fm p\u0159ijdou do e-mailov\u00e9 schr\u00e1nky.<\/p>\n<p>Zdroj: <a href=\"https:\/\/www.socialmediatoday.com\/news\/facebook-adds-option-to-send-marketing-emails-via-pages-app\/579003\/\">https:\/\/www.socialmediatoday.com\/news\/facebook<\/a><\/p>\n<h3>Reklamy p\u0159ich\u00e1z\u00ed i do IGTV<\/h3>\n<p>Instagram ohl\u00e1sil dal\u0161\u00ed f\u00e1zi monetizace platformy IGTV. Do video obsahu tu nov\u011b vstupuj\u00ed reklamy. O p\u0159\u00edjmy z nich se Instagram hodl\u00e1 d\u011blit s tv\u016frci vide\u00ed.<\/p>\n<p>Zdroj: <a href=\"https:\/\/www.socialmediatoday.com\/news\/instagram-launches-first-stage-of-igtv-monetization-with-in-stream-ads-com\/574167\/\">https:\/\/www.socialmediatoday.com\/news\/instagram<\/a><\/p>\n<h3>Facebook zav\u00e1d\u00ed statistiky u koment\u00e1\u0159\u016f<\/h3>\n<p>Jak je n\u00e1m v\u0161eobecn\u011b zn\u00e1mo, zapojen\u00ed a sd\u00edlen\u00ed obsahu p\u0159es Facebook zvy\u0161uje jeho dosah. Hlavn\u011b koment\u00e1\u0159e zde hraj\u00ed v\u00fdznamnou roli. A proto Facebook nov\u011b ke ka\u017ed\u00e9mu p\u0159\u00edsp\u011bvku p\u0159id\u00e1 nov\u00e9 statistiky, ze kter\u00fdch bude jasn\u011b patrn\u00e9, jak je koment\u00e1\u0159e ovlivnily.<\/p>\n<figure class=\"w-richtext-figure-type-image w-richtext-align-fullwidth\" style=\"max-width:794px\" data-rt-type=\"image\" data-rt-align=\"fullwidth\" data-rt-max-width=\"794px\">\n<div><img decoding=\"async\" src=\"https:\/\/uploads-ssl.webflow.com\/5767b4eb3a9c9e1015d06770\/5f0dba47683a2273145ef088_UHILniVWOXVLxTStPVfSn2Y29ffQjxkA2_8pI7w9el3gQfIWqgnPv2KVbjp28qaCbUprEMOmiUtWKkpFaTJiSJbyHU6UXXGlLB1rt6WCn6XylPlxOCDzD3BsOhwWaycIv7PXHtXz.png\" alt=\"Novinky ze soci\u00e1ln\u00edch s\u00edt\u00ed Webmium\"><\/div>\n<\/figure>\n<p>Zdroj:<a href=\"https:\/\/newsfeed.cz\/facebook-zavadi-statistiky-u-komentaru\/\">https:\/\/newsfeed.cz\/facebook-zavadi-statistiky-u-komentaru\/<\/a><\/p>\n<h3>Novinky v Messengeru: p\u0159ep\u00edn\u00e1n\u00ed \u00fa\u010dt\u016f, Face ID, ankety a dal\u0161\u00ed<\/h3>\n<p>Facebook op\u011bt p\u0159id\u00e1v\u00e1 do Messengeru nov\u00e9 mo\u017enosti. Od te\u010f budeme moci p\u0159ep\u00ednat mezi osobn\u00edm a firemn\u00edm \u00fa\u010dtem. Facebook pokra\u010duje i v propojov\u00e1n\u00ed s Instagram zpr\u00e1vami. Experimentuje tak\u00e9 s p\u0159\u00edstupem do inboxu pomoc\u00ed Face ID. A kone\u010dn\u011b tak\u00e9 op\u011bt zav\u00e1d\u00ed ankety.<\/p>\n<p>Zdroj: <a href=\"https:\/\/newsfeed.cz\/novinky-v-messengeru-prepinani-uctu-integrace-instagram-direct-face-id\/?fbclid=IwAR2elf1kJO2P9UHrhij_Bsw1iW9nM_zt-XMdbN_G8wgofarteeAhIEy8b5o\">https:\/\/newsfeed.cz\/novinky-v-messengeru<\/a><\/p>\n<h3>Instagram testuje ozna\u010dov\u00e1n\u00ed produkt\u016f v textu p\u0159\u00edsp\u011bvk\u016f<\/h3>\n<p>Instagram to mysl\u00ed v\u00e1\u017en\u011b s t\u00edm, \u017ee se chce st\u00e1t v\u00fdznamnou e-commerce platformou. Experimentuje toti\u017e s dal\u0161\u00edm prodejn\u00edm n\u00e1strojem, kter\u00fd umo\u017en\u00ed prokliknout se na produkt p\u0159\u00edmo z popisku p\u0159\u00edsp\u011bvku.<\/p>\n<figure class=\"w-richtext-figure-type-image w-richtext-align-fullwidth\" style=\"max-width:283px\" data-rt-type=\"image\" data-rt-align=\"fullwidth\" data-rt-max-width=\"283px\">\n<div><img decoding=\"async\" src=\"https:\/\/uploads-ssl.webflow.com\/5767b4eb3a9c9e1015d06770\/5f0dba47052654966e662d33_VYWoxiBQTj2aUkNKnPkihBhRM2IvuQ0X1CUOyNosX_1M4tX-OMwIg48XkR_rHSWoevQjMH8RIXuhZX4XhOXYX9ZuvwyY2kg8JNFWbF2-Lt6aMUKNdMNzU-vKMfdcGTFFpLqwoXsu.png\" alt=\"Novinky ze soci\u00e1ln\u00edch s\u00edt\u00ed Webmium\"><\/div>\n<\/figure>\n<p><\/p>\n<p>Zdroj: <a href=\"https:\/\/twitter.com\/MattNavarra\">https:\/\/twitter.com\/MattNavarra<\/a><\/p>\n<p>\u200d<\/p>\n","protected":false},"excerpt":{"rendered":"<p>Dal\u0161\u00ed m\u011bs\u00edc uplynul jako voda a my V\u00e1m p\u0159in\u00e1\u0161\u00edme dal\u0161\u00ed shrnut\u00ed novinek, tentokr\u00e1t ze soci\u00e1ln\u00edch s\u00edt\u00ed z m\u011bs\u00edce \u010dervna.<\/p>\n","protected":false},"author":12,"featured_media":1915,"comment_status":"open","ping_status":"open","sticky":false,"template":"","format":"standard","meta":{"_uag_custom_page_level_css":"","site-sidebar-layout":"default","site-content-layout":"","ast-site-content-layout":"","site-content-style":"default","site-sidebar-style":"default","ast-global-header-display":"","ast-banner-title-visibility":"","ast-main-header-display":"","ast-hfb-above-header-display":"","ast-hfb-below-header-display":"","ast-hfb-mobile-header-display":"","site-post-title":"","ast-breadcrumbs-content":"","ast-featured-img":"","footer-sml-layout":"","theme-transparent-header-meta":"","adv-header-id-meta":"","stick-header-meta":"","header-above-stick-meta":"","header-main-stick-meta":"","header-below-stick-meta":"","astra-migrate-meta-layouts":"default","ast-page-background-enabled":"default","ast-page-background-meta":{"desktop":{"background-color":"var(--ast-global-color-4)","background-image":"","background-repeat":"repeat","background-position":"center center","background-size":"auto","background-attachment":"scroll","background-type":"","background-media":"","overlay-type":"","overlay-color":"","overlay-opacity":"","overlay-gradient":""},"tablet":{"background-color":"","background-image":"","background-repeat":"repeat","background-position":"center center","background-size":"auto","background-attachment":"scroll","background-type":"","background-media":"","overlay-type":"","overlay-color":"","overlay-opacity":"","overlay-gradient":""},"mobile":{"background-color":"","background-image":"","background-repeat":"repeat","background-position":"center center","background-size":"auto","background-attachment":"scroll","background-type":"","background-media":"","overlay-type":"","overlay-color":"","overlay-opacity":"","overlay-gradient":""}},"ast-content-background-meta":{"desktop":{"background-color":"var(--ast-global-color-5)","background-image":"","background-repeat":"repeat","background-position":"center center","background-size":"auto","background-attachment":"scroll","background-type":"","background-media":"","overlay-type":"","overlay-color":"","overlay-opacity":"","overlay-gradient":""},"tablet":{"background-color":"var(--ast-global-color-5)","background-image":"","background-repeat":"repeat","background-position":"center center","background-size":"auto","background-attachment":"scroll","background-type":"","background-media":"","overlay-type":"","overlay-color":"","overlay-opacity":"","overlay-gradient":""},"mobile":{"background-color":"var(--ast-global-color-5)","background-image":"","background-repeat":"repeat","background-position":"center center","background-size":"auto","background-attachment":"scroll","background-type":"","background-media":"","overlay-type":"","overlay-color":"","overlay-opacity":"","overlay-gradient":""}},"footnotes":""},"categories":[9],"tags":[],"class_list":["post-3173","post","type-post","status-publish","format-standard","has-post-thumbnail","hentry","category-uz-to-vite"],"yoast_head":"<!-- This site is optimized with the Yoast SEO plugin v27.5 - https:\/\/yoast.com\/product\/yoast-seo-wordpress\/ -->\n<title>Co p\u0159inesl \u010derven 2020 pro soci\u00e1ln\u00ed s\u00edt\u011b?<\/title>\n<meta name=\"description\" content=\"Dal\u0161\u00ed m\u011bs\u00edc uplynul jako voda a my V\u00e1m p\u0159in\u00e1\u0161\u00edme dal\u0161\u00ed shrnut\u00ed novinek, tentokr\u00e1t ze soci\u00e1ln\u00edch s\u00edt\u00ed z m\u011bs\u00edce \u010dervna.\" \/>\n<meta name=\"robots\" content=\"index, follow, max-snippet:-1, max-image-preview:large, max-video-preview:-1\" \/>\n<link rel=\"canonical\" href=\"https:\/\/www.webmium.cz\/blog\/co-prinesl-cerven-2020-pro-socialni-site\/\" \/>\n<meta property=\"og:locale\" content=\"cs_CZ\" \/>\n<meta property=\"og:type\" content=\"article\" \/>\n<meta property=\"og:title\" content=\"Co p\u0159inesl \u010derven 2020 pro soci\u00e1ln\u00ed s\u00edt\u011b?\" \/>\n<meta property=\"og:description\" content=\"Dal\u0161\u00ed m\u011bs\u00edc uplynul jako voda a my V\u00e1m p\u0159in\u00e1\u0161\u00edme dal\u0161\u00ed shrnut\u00ed novinek, tentokr\u00e1t ze soci\u00e1ln\u00edch s\u00edt\u00ed z m\u011bs\u00edce \u010dervna.\" \/>\n<meta property=\"og:url\" content=\"https:\/\/www.webmium.cz\/blog\/co-prinesl-cerven-2020-pro-socialni-site\/\" \/>\n<meta property=\"og:site_name\" content=\"Blog Webmium.cz\" \/>\n<meta property=\"article:published_time\" content=\"2021-07-29T14:52:36+00:00\" \/>\n<meta property=\"og:image\" content=\"https:\/\/www.webmium.cz\/blog\/wp-content\/uploads\/2023\/10\/5f0dbff14ceca0c91c2d3c03_socialnisite.png\" \/>\n\t<meta property=\"og:image:width\" content=\"934\" \/>\n\t<meta property=\"og:image:height\" content=\"392\" \/>\n\t<meta property=\"og:image:type\" content=\"image\/png\" \/>\n<meta name=\"author\" content=\"David B\u00e1lek\" \/>\n<meta name=\"twitter:card\" content=\"summary_large_image\" \/>\n<meta name=\"twitter:label1\" content=\"Napsal(a)\" \/>\n\t<meta name=\"twitter:data1\" content=\"David B\u00e1lek\" \/>\n\t<meta name=\"twitter:label2\" content=\"Odhadovan\u00e1 doba \u010dten\u00ed\" \/>\n\t<meta name=\"twitter:data2\" content=\"3 minuty\" \/>\n<script type=\"application\/ld+json\" class=\"yoast-schema-graph\">{\"@context\":\"https:\\\/\\\/schema.org\",\"@graph\":[{\"@type\":\"Article\",\"@id\":\"https:\\\/\\\/www.webmium.cz\\\/blog\\\/co-prinesl-cerven-2020-pro-socialni-site\\\/#article\",\"isPartOf\":{\"@id\":\"https:\\\/\\\/www.webmium.cz\\\/blog\\\/co-prinesl-cerven-2020-pro-socialni-site\\\/\"},\"author\":{\"name\":\"David B\u00e1lek\",\"@id\":\"https:\\\/\\\/www.webmium.cz\\\/blog\\\/#\\\/schema\\\/person\\\/ab57ac8848bdd890426100f351ea1f2c\"},\"headline\":\"Co p\u0159inesl \u010derven 2020 pro soci\u00e1ln\u00ed s\u00edt\u011b?\",\"datePublished\":\"2021-07-29T14:52:36+00:00\",\"mainEntityOfPage\":{\"@id\":\"https:\\\/\\\/www.webmium.cz\\\/blog\\\/co-prinesl-cerven-2020-pro-socialni-site\\\/\"},\"wordCount\":528,\"commentCount\":0,\"publisher\":{\"@id\":\"https:\\\/\\\/www.webmium.cz\\\/blog\\\/#organization\"},\"image\":{\"@id\":\"https:\\\/\\\/www.webmium.cz\\\/blog\\\/co-prinesl-cerven-2020-pro-socialni-site\\\/#primaryimage\"},\"thumbnailUrl\":\"https:\\\/\\\/www.webmium.cz\\\/blog\\\/wp-content\\\/uploads\\\/2023\\\/10\\\/5f0dbff14ceca0c91c2d3c03_socialnisite.png\",\"articleSection\":[\"uz-to-vite\"],\"inLanguage\":\"cs\",\"potentialAction\":[{\"@type\":\"CommentAction\",\"name\":\"Comment\",\"target\":[\"https:\\\/\\\/www.webmium.cz\\\/blog\\\/co-prinesl-cerven-2020-pro-socialni-site\\\/#respond\"]}]},{\"@type\":\"WebPage\",\"@id\":\"https:\\\/\\\/www.webmium.cz\\\/blog\\\/co-prinesl-cerven-2020-pro-socialni-site\\\/\",\"url\":\"https:\\\/\\\/www.webmium.cz\\\/blog\\\/co-prinesl-cerven-2020-pro-socialni-site\\\/\",\"name\":\"Co p\u0159inesl \u010derven 2020 pro soci\u00e1ln\u00ed s\u00edt\u011b?\",\"isPartOf\":{\"@id\":\"https:\\\/\\\/www.webmium.cz\\\/blog\\\/#website\"},\"primaryImageOfPage\":{\"@id\":\"https:\\\/\\\/www.webmium.cz\\\/blog\\\/co-prinesl-cerven-2020-pro-socialni-site\\\/#primaryimage\"},\"image\":{\"@id\":\"https:\\\/\\\/www.webmium.cz\\\/blog\\\/co-prinesl-cerven-2020-pro-socialni-site\\\/#primaryimage\"},\"thumbnailUrl\":\"https:\\\/\\\/www.webmium.cz\\\/blog\\\/wp-content\\\/uploads\\\/2023\\\/10\\\/5f0dbff14ceca0c91c2d3c03_socialnisite.png\",\"datePublished\":\"2021-07-29T14:52:36+00:00\",\"description\":\"Dal\u0161\u00ed m\u011bs\u00edc uplynul jako voda a my V\u00e1m p\u0159in\u00e1\u0161\u00edme dal\u0161\u00ed shrnut\u00ed novinek, tentokr\u00e1t ze soci\u00e1ln\u00edch s\u00edt\u00ed z m\u011bs\u00edce \u010dervna.\",\"breadcrumb\":{\"@id\":\"https:\\\/\\\/www.webmium.cz\\\/blog\\\/co-prinesl-cerven-2020-pro-socialni-site\\\/#breadcrumb\"},\"inLanguage\":\"cs\",\"potentialAction\":[{\"@type\":\"ReadAction\",\"target\":[\"https:\\\/\\\/www.webmium.cz\\\/blog\\\/co-prinesl-cerven-2020-pro-socialni-site\\\/\"]}]},{\"@type\":\"ImageObject\",\"inLanguage\":\"cs\",\"@id\":\"https:\\\/\\\/www.webmium.cz\\\/blog\\\/co-prinesl-cerven-2020-pro-socialni-site\\\/#primaryimage\",\"url\":\"https:\\\/\\\/www.webmium.cz\\\/blog\\\/wp-content\\\/uploads\\\/2023\\\/10\\\/5f0dbff14ceca0c91c2d3c03_socialnisite.png\",\"contentUrl\":\"https:\\\/\\\/www.webmium.cz\\\/blog\\\/wp-content\\\/uploads\\\/2023\\\/10\\\/5f0dbff14ceca0c91c2d3c03_socialnisite.png\",\"width\":934,\"height\":392},{\"@type\":\"BreadcrumbList\",\"@id\":\"https:\\\/\\\/www.webmium.cz\\\/blog\\\/co-prinesl-cerven-2020-pro-socialni-site\\\/#breadcrumb\",\"itemListElement\":[{\"@type\":\"ListItem\",\"position\":1,\"name\":\"Dom\u016f\",\"item\":\"https:\\\/\\\/www.webmium.cz\\\/blog\\\/\"},{\"@type\":\"ListItem\",\"position\":2,\"name\":\"Co p\u0159inesl \u010derven 2020 pro soci\u00e1ln\u00ed s\u00edt\u011b?\"}]},{\"@type\":\"WebSite\",\"@id\":\"https:\\\/\\\/www.webmium.cz\\\/blog\\\/#website\",\"url\":\"https:\\\/\\\/www.webmium.cz\\\/blog\\\/\",\"name\":\"Blog Webmium.cz\",\"description\":\"Marketingov\u00e9 novinky a zpr\u00e1vy\",\"publisher\":{\"@id\":\"https:\\\/\\\/www.webmium.cz\\\/blog\\\/#organization\"},\"potentialAction\":[{\"@type\":\"SearchAction\",\"target\":{\"@type\":\"EntryPoint\",\"urlTemplate\":\"https:\\\/\\\/www.webmium.cz\\\/blog\\\/?s={search_term_string}\"},\"query-input\":{\"@type\":\"PropertyValueSpecification\",\"valueRequired\":true,\"valueName\":\"search_term_string\"}}],\"inLanguage\":\"cs\"},{\"@type\":\"Organization\",\"@id\":\"https:\\\/\\\/www.webmium.cz\\\/blog\\\/#organization\",\"name\":\"Blog Webmium.cz\",\"url\":\"https:\\\/\\\/www.webmium.cz\\\/blog\\\/\",\"logo\":{\"@type\":\"ImageObject\",\"inLanguage\":\"cs\",\"@id\":\"https:\\\/\\\/www.webmium.cz\\\/blog\\\/#\\\/schema\\\/logo\\\/image\\\/\",\"url\":\"https:\\\/\\\/www.webmium.cz\\\/blog\\\/wp-content\\\/uploads\\\/2023\\\/09\\\/webmium-zelene-blog.png\",\"contentUrl\":\"https:\\\/\\\/www.webmium.cz\\\/blog\\\/wp-content\\\/uploads\\\/2023\\\/09\\\/webmium-zelene-blog.png\",\"width\":480,\"height\":49,\"caption\":\"Blog Webmium.cz\"},\"image\":{\"@id\":\"https:\\\/\\\/www.webmium.cz\\\/blog\\\/#\\\/schema\\\/logo\\\/image\\\/\"}},{\"@type\":\"Person\",\"@id\":\"https:\\\/\\\/www.webmium.cz\\\/blog\\\/#\\\/schema\\\/person\\\/ab57ac8848bdd890426100f351ea1f2c\",\"name\":\"David B\u00e1lek\",\"image\":{\"@type\":\"ImageObject\",\"inLanguage\":\"cs\",\"@id\":\"https:\\\/\\\/secure.gravatar.com\\\/avatar\\\/080c9de53dbbc52d2803f0cbc0697796cbe85953b7aa2d5f7aed7d255272722c?s=96&r=g\",\"url\":\"https:\\\/\\\/secure.gravatar.com\\\/avatar\\\/080c9de53dbbc52d2803f0cbc0697796cbe85953b7aa2d5f7aed7d255272722c?s=96&r=g\",\"contentUrl\":\"https:\\\/\\\/secure.gravatar.com\\\/avatar\\\/080c9de53dbbc52d2803f0cbc0697796cbe85953b7aa2d5f7aed7d255272722c?s=96&r=g\",\"caption\":\"David B\u00e1lek\"},\"description\":\"SoMe Specialist &amp; Content Creator \u26a1\ufe0f| Novinky ze socials \ud83d\udca1| WhatsApp pro ty, kte\u0159\u00ed cht\u011bj\u00ed v\u011bd\u011bt o novink\u00e1ch jako prvn\u00ed\ud83d\udc47\ud83c\udffc 400+ \u010dlen\u016f \ud83d\udd25\",\"sameAs\":[\"https:\\\/\\\/www.linkedin.com\\\/in\\\/baleeek\"],\"url\":\"https:\\\/\\\/www.webmium.cz\\\/blog\\\/author\\\/david\\\/\"}]}<\/script>\n<!-- \/ Yoast SEO plugin. -->","yoast_head_json":{"title":"Co p\u0159inesl \u010derven 2020 pro soci\u00e1ln\u00ed s\u00edt\u011b?","description":"Dal\u0161\u00ed m\u011bs\u00edc uplynul jako voda a my V\u00e1m p\u0159in\u00e1\u0161\u00edme dal\u0161\u00ed shrnut\u00ed novinek, tentokr\u00e1t ze soci\u00e1ln\u00edch s\u00edt\u00ed z m\u011bs\u00edce \u010dervna.","robots":{"index":"index","follow":"follow","max-snippet":"max-snippet:-1","max-image-preview":"max-image-preview:large","max-video-preview":"max-video-preview:-1"},"canonical":"https:\/\/www.webmium.cz\/blog\/co-prinesl-cerven-2020-pro-socialni-site\/","og_locale":"cs_CZ","og_type":"article","og_title":"Co p\u0159inesl \u010derven 2020 pro soci\u00e1ln\u00ed s\u00edt\u011b?","og_description":"Dal\u0161\u00ed m\u011bs\u00edc uplynul jako voda a my V\u00e1m p\u0159in\u00e1\u0161\u00edme dal\u0161\u00ed shrnut\u00ed novinek, tentokr\u00e1t ze soci\u00e1ln\u00edch s\u00edt\u00ed z m\u011bs\u00edce \u010dervna.","og_url":"https:\/\/www.webmium.cz\/blog\/co-prinesl-cerven-2020-pro-socialni-site\/","og_site_name":"Blog Webmium.cz","article_published_time":"2021-07-29T14:52:36+00:00","og_image":[{"width":934,"height":392,"url":"https:\/\/www.webmium.cz\/blog\/wp-content\/uploads\/2023\/10\/5f0dbff14ceca0c91c2d3c03_socialnisite.png","type":"image\/png"}],"author":"David B\u00e1lek","twitter_card":"summary_large_image","twitter_misc":{"Napsal(a)":"David B\u00e1lek","Odhadovan\u00e1 doba \u010dten\u00ed":"3 minuty"},"schema":{"@context":"https:\/\/schema.org","@graph":[{"@type":"Article","@id":"https:\/\/www.webmium.cz\/blog\/co-prinesl-cerven-2020-pro-socialni-site\/#article","isPartOf":{"@id":"https:\/\/www.webmium.cz\/blog\/co-prinesl-cerven-2020-pro-socialni-site\/"},"author":{"name":"David B\u00e1lek","@id":"https:\/\/www.webmium.cz\/blog\/#\/schema\/person\/ab57ac8848bdd890426100f351ea1f2c"},"headline":"Co p\u0159inesl \u010derven 2020 pro soci\u00e1ln\u00ed s\u00edt\u011b?","datePublished":"2021-07-29T14:52:36+00:00","mainEntityOfPage":{"@id":"https:\/\/www.webmium.cz\/blog\/co-prinesl-cerven-2020-pro-socialni-site\/"},"wordCount":528,"commentCount":0,"publisher":{"@id":"https:\/\/www.webmium.cz\/blog\/#organization"},"image":{"@id":"https:\/\/www.webmium.cz\/blog\/co-prinesl-cerven-2020-pro-socialni-site\/#primaryimage"},"thumbnailUrl":"https:\/\/www.webmium.cz\/blog\/wp-content\/uploads\/2023\/10\/5f0dbff14ceca0c91c2d3c03_socialnisite.png","articleSection":["uz-to-vite"],"inLanguage":"cs","potentialAction":[{"@type":"CommentAction","name":"Comment","target":["https:\/\/www.webmium.cz\/blog\/co-prinesl-cerven-2020-pro-socialni-site\/#respond"]}]},{"@type":"WebPage","@id":"https:\/\/www.webmium.cz\/blog\/co-prinesl-cerven-2020-pro-socialni-site\/","url":"https:\/\/www.webmium.cz\/blog\/co-prinesl-cerven-2020-pro-socialni-site\/","name":"Co p\u0159inesl \u010derven 2020 pro soci\u00e1ln\u00ed s\u00edt\u011b?","isPartOf":{"@id":"https:\/\/www.webmium.cz\/blog\/#website"},"primaryImageOfPage":{"@id":"https:\/\/www.webmium.cz\/blog\/co-prinesl-cerven-2020-pro-socialni-site\/#primaryimage"},"image":{"@id":"https:\/\/www.webmium.cz\/blog\/co-prinesl-cerven-2020-pro-socialni-site\/#primaryimage"},"thumbnailUrl":"https:\/\/www.webmium.cz\/blog\/wp-content\/uploads\/2023\/10\/5f0dbff14ceca0c91c2d3c03_socialnisite.png","datePublished":"2021-07-29T14:52:36+00:00","description":"Dal\u0161\u00ed m\u011bs\u00edc uplynul jako voda a my V\u00e1m p\u0159in\u00e1\u0161\u00edme dal\u0161\u00ed shrnut\u00ed novinek, tentokr\u00e1t ze soci\u00e1ln\u00edch s\u00edt\u00ed z m\u011bs\u00edce \u010dervna.","breadcrumb":{"@id":"https:\/\/www.webmium.cz\/blog\/co-prinesl-cerven-2020-pro-socialni-site\/#breadcrumb"},"inLanguage":"cs","potentialAction":[{"@type":"ReadAction","target":["https:\/\/www.webmium.cz\/blog\/co-prinesl-cerven-2020-pro-socialni-site\/"]}]},{"@type":"ImageObject","inLanguage":"cs","@id":"https:\/\/www.webmium.cz\/blog\/co-prinesl-cerven-2020-pro-socialni-site\/#primaryimage","url":"https:\/\/www.webmium.cz\/blog\/wp-content\/uploads\/2023\/10\/5f0dbff14ceca0c91c2d3c03_socialnisite.png","contentUrl":"https:\/\/www.webmium.cz\/blog\/wp-content\/uploads\/2023\/10\/5f0dbff14ceca0c91c2d3c03_socialnisite.png","width":934,"height":392},{"@type":"BreadcrumbList","@id":"https:\/\/www.webmium.cz\/blog\/co-prinesl-cerven-2020-pro-socialni-site\/#breadcrumb","itemListElement":[{"@type":"ListItem","position":1,"name":"Dom\u016f","item":"https:\/\/www.webmium.cz\/blog\/"},{"@type":"ListItem","position":2,"name":"Co p\u0159inesl \u010derven 2020 pro soci\u00e1ln\u00ed s\u00edt\u011b?"}]},{"@type":"WebSite","@id":"https:\/\/www.webmium.cz\/blog\/#website","url":"https:\/\/www.webmium.cz\/blog\/","name":"Blog Webmium.cz","description":"Marketingov\u00e9 novinky a zpr\u00e1vy","publisher":{"@id":"https:\/\/www.webmium.cz\/blog\/#organization"},"potentialAction":[{"@type":"SearchAction","target":{"@type":"EntryPoint","urlTemplate":"https:\/\/www.webmium.cz\/blog\/?s={search_term_string}"},"query-input":{"@type":"PropertyValueSpecification","valueRequired":true,"valueName":"search_term_string"}}],"inLanguage":"cs"},{"@type":"Organization","@id":"https:\/\/www.webmium.cz\/blog\/#organization","name":"Blog Webmium.cz","url":"https:\/\/www.webmium.cz\/blog\/","logo":{"@type":"ImageObject","inLanguage":"cs","@id":"https:\/\/www.webmium.cz\/blog\/#\/schema\/logo\/image\/","url":"https:\/\/www.webmium.cz\/blog\/wp-content\/uploads\/2023\/09\/webmium-zelene-blog.png","contentUrl":"https:\/\/www.webmium.cz\/blog\/wp-content\/uploads\/2023\/09\/webmium-zelene-blog.png","width":480,"height":49,"caption":"Blog Webmium.cz"},"image":{"@id":"https:\/\/www.webmium.cz\/blog\/#\/schema\/logo\/image\/"}},{"@type":"Person","@id":"https:\/\/www.webmium.cz\/blog\/#\/schema\/person\/ab57ac8848bdd890426100f351ea1f2c","name":"David B\u00e1lek","image":{"@type":"ImageObject","inLanguage":"cs","@id":"https:\/\/secure.gravatar.com\/avatar\/080c9de53dbbc52d2803f0cbc0697796cbe85953b7aa2d5f7aed7d255272722c?s=96&r=g","url":"https:\/\/secure.gravatar.com\/avatar\/080c9de53dbbc52d2803f0cbc0697796cbe85953b7aa2d5f7aed7d255272722c?s=96&r=g","contentUrl":"https:\/\/secure.gravatar.com\/avatar\/080c9de53dbbc52d2803f0cbc0697796cbe85953b7aa2d5f7aed7d255272722c?s=96&r=g","caption":"David B\u00e1lek"},"description":"SoMe Specialist &amp; Content Creator \u26a1\ufe0f| Novinky ze socials \ud83d\udca1| WhatsApp pro ty, kte\u0159\u00ed cht\u011bj\u00ed v\u011bd\u011bt o novink\u00e1ch jako prvn\u00ed\ud83d\udc47\ud83c\udffc 400+ \u010dlen\u016f \ud83d\udd25","sameAs":["https:\/\/www.linkedin.com\/in\/baleeek"],"url":"https:\/\/www.webmium.cz\/blog\/author\/david\/"}]}},"uagb_featured_image_src":{"full":["https:\/\/www.webmium.cz\/blog\/wp-content\/uploads\/2023\/10\/5f0dbff14ceca0c91c2d3c03_socialnisite.png",934,392,false],"thumbnail":["https:\/\/www.webmium.cz\/blog\/wp-content\/uploads\/2023\/10\/5f0dbff14ceca0c91c2d3c03_socialnisite-150x150.png",150,150,true],"medium":["https:\/\/www.webmium.cz\/blog\/wp-content\/uploads\/2023\/10\/5f0dbff14ceca0c91c2d3c03_socialnisite-300x126.png",300,126,true],"medium_large":["https:\/\/www.webmium.cz\/blog\/wp-content\/uploads\/2023\/10\/5f0dbff14ceca0c91c2d3c03_socialnisite-768x322.png",768,322,true],"large":["https:\/\/www.webmium.cz\/blog\/wp-content\/uploads\/2023\/10\/5f0dbff14ceca0c91c2d3c03_socialnisite.png",934,392,false],"1536x1536":["https:\/\/www.webmium.cz\/blog\/wp-content\/uploads\/2023\/10\/5f0dbff14ceca0c91c2d3c03_socialnisite.png",934,392,false],"2048x2048":["https:\/\/www.webmium.cz\/blog\/wp-content\/uploads\/2023\/10\/5f0dbff14ceca0c91c2d3c03_socialnisite.png",934,392,false],"authorship-box-avatar":["https:\/\/www.webmium.cz\/blog\/wp-content\/uploads\/2023\/10\/5f0dbff14ceca0c91c2d3c03_socialnisite.png",150,63,false],"authorship-box-related":["https:\/\/www.webmium.cz\/blog\/wp-content\/uploads\/2023\/10\/5f0dbff14ceca0c91c2d3c03_socialnisite.png",70,29,false]},"uagb_author_info":{"display_name":"David B\u00e1lek","author_link":"https:\/\/www.webmium.cz\/blog\/author\/david\/"},"uagb_comment_info":1,"uagb_excerpt":"Dal\u0161\u00ed m\u011bs\u00edc uplynul jako voda a my V\u00e1m p\u0159in\u00e1\u0161\u00edme dal\u0161\u00ed shrnut\u00ed novinek, tentokr\u00e1t ze soci\u00e1ln\u00edch s\u00edt\u00ed z m\u011bs\u00edce \u010dervna.","_links":{"self":[{"href":"https:\/\/www.webmium.cz\/blog\/wp-json\/wp\/v2\/posts\/3173","targetHints":{"allow":["GET"]}}],"collection":[{"href":"https:\/\/www.webmium.cz\/blog\/wp-json\/wp\/v2\/posts"}],"about":[{"href":"https:\/\/www.webmium.cz\/blog\/wp-json\/wp\/v2\/types\/post"}],"author":[{"embeddable":true,"href":"https:\/\/www.webmium.cz\/blog\/wp-json\/wp\/v2\/users\/12"}],"replies":[{"embeddable":true,"href":"https:\/\/www.webmium.cz\/blog\/wp-json\/wp\/v2\/comments?post=3173"}],"version-history":[{"count":0,"href":"https:\/\/www.webmium.cz\/blog\/wp-json\/wp\/v2\/posts\/3173\/revisions"}],"wp:featuredmedia":[{"embeddable":true,"href":"https:\/\/www.webmium.cz\/blog\/wp-json\/wp\/v2\/media\/1915"}],"wp:attachment":[{"href":"https:\/\/www.webmium.cz\/blog\/wp-json\/wp\/v2\/media?parent=3173"}],"wp:term":[{"taxonomy":"category","embeddable":true,"href":"https:\/\/www.webmium.cz\/blog\/wp-json\/wp\/v2\/categories?post=3173"},{"taxonomy":"post_tag","embeddable":true,"href":"https:\/\/www.webmium.cz\/blog\/wp-json\/wp\/v2\/tags?post=3173"}],"curies":[{"name":"wp","href":"https:\/\/api.w.org\/{rel}","templated":true}]}}